{"id":9063,"date":"2014-03-12T01:39:38","date_gmt":"2014-03-12T00:39:38","guid":{"rendered":"http:\/\/www.associationdemarie.org\/blog\/?p=9063"},"modified":"2014-02-19T07:44:25","modified_gmt":"2014-02-19T06:44:25","slug":"quel-est-le-jeune-qui-me-plait-nest-ce-pas-faire-tomber-les-chaines-injustes-is-586","status":"publish","type":"post","link":"https:\/\/www.associationdemarie.org\/blog\/quel-est-le-jeune-qui-me-plait-nest-ce-pas-faire-tomber-les-chaines-injustes-is-586\/","title":{"rendered":"\u00ab Quel est le je\u00fbne qui me pla\u00eet ? N&rsquo;est-ce pas faire tomber les cha\u00eenes injustes ? \u00bb (Is 58,6)"},"content":{"rendered":"<p><a href=\"https:\/\/www.associationdemarie.org\/blog\/wp-content\/uploads\/2014\/03\/jonas.jpg\"><img loading=\"lazy\" decoding=\"async\" class=\"alignright size-full wp-image-9065\" alt=\"jonas\" src=\"https:\/\/www.associationdemarie.org\/blog\/wp-content\/uploads\/2014\/03\/jonas.jpg\" width=\"139\" height=\"184\" \/><\/a>Les Ninivites ont je\u00fbn\u00e9 d&rsquo;un je\u00fbne pur lorsque Jonas leur a pr\u00each\u00e9 la conversion&#8230; Voici ce qui est \u00e9crit\u00a0: \u00ab\u00a0Dieu vit qu&rsquo;ils se d\u00e9tournaient de leurs mauvais chemins ; alors il d\u00e9tourna d&rsquo;eux l&rsquo;ardeur de sa col\u00e8re \u00bb (Jon 3,10). On ne dit pas\u00a0: \u00ab\u00a0Il vit une abstinence de pain et d&rsquo;eau, avec sac et cendre \u00bb, mais\u00a0: \u00ab\u00a0qu&rsquo;ils revenaient de leurs mauvais chemins et de la m\u00e9chancet\u00e9 de leurs \u0153uvres. \u00bb Car le roi de Ninive avait parl\u00e9 et dit\u00a0: \u00ab\u00a0Que chacun se d\u00e9tourne de sa mauvaise conduite et de la rapacit\u00e9 de ses mains \u00bb (v. 8). C&rsquo;\u00e9tait un je\u00fbne pur, et il a \u00e9t\u00e9 accept\u00e9&#8230;<\/p>\n<p>Car, mon ami, quand on je\u00fbne, c&rsquo;est toujours l&rsquo;abstinence de m\u00e9chancet\u00e9 qui est la meilleure. Elle est meilleure que l&rsquo;abstinence de pain et d&rsquo;eau, meilleure que \u00ab\u00a0s&rsquo;humilier soi-m\u00eame, courber le cou comme un crochet et se couvrir de sac et de cendre \u00bb, comme le dit\u00a0\u00a0Isa\u00efe (58,5). En effet, quand l&rsquo;homme s&rsquo;abstient de pain, d&rsquo;eau ou de quelque nourriture que ce soit, quand il se couvre de sac et de cendre et qu&rsquo;il s&rsquo;afflige, il est aim\u00e9, beau aux yeux de Dieu et accueilli. Mais ce que Dieu agr\u00e9e le plus, c&rsquo;est de \u00ab\u00a0&#8230;d\u00e9lier les cha\u00eenes injustes et de couper les liens de la tromperie \u00bb (v. 6). Pour cet homme alors \u00ab\u00a0sa lumi\u00e8re se diffusera comme le soleil, et sa justice marchera devant lui. Il sera comme un verger surabondant, comme une source dont les eaux ne tarissent pas \u00bb (v. 8-11). Il ne ressemble pas aux hypocrites \u00ab\u00a0qui se composent un visage d\u00e9fait et prennent un air sombre \u00bb pour faire conna\u00eetre leur je\u00fbne (Mt 6,16).<\/p>\n<p>Aphraate (?-v. 345), moine et \u00e9v\u00eaque pr\u00e8s de Mossoul<br \/>\n<i>Les Expos\u00e9s, n\u00b03 \u00ab Du je\u00fbne \u00bb ;\u00a0\u00a0SC 349 (trad. SC p. 277 rev.)<\/i><\/p>\n<p>&nbsp;<\/p>\n<p>&nbsp;<\/p>\n<p>&nbsp;<\/p>\n","protected":false},"excerpt":{"rendered":"<p>Les Ninivites ont je\u00fbn\u00e9 d&rsquo;un je\u00fbne pur lorsque Jonas leur a pr\u00each\u00e9 la conversion&#8230; Voici ce qui est \u00e9crit\u00a0: \u00ab\u00a0Dieu vit qu&rsquo;ils se d\u00e9tournaient de leurs mauvais chemins ; alors il d\u00e9tourna d&rsquo;eux l&rsquo;ardeur de sa col\u00e8re \u00bb (Jon 3,10). On ne dit pas\u00a0: \u00ab\u00a0Il vit une abstinence de pain et d&rsquo;eau, avec sac et [&hellip;]<\/p>\n","protected":false},"author":2,"featured_media":0,"comment_status":"closed","ping_status":"closed","sticky":false,"template":"","format":"standard","meta":{"footnotes":""},"categories":[3,1235,13],"tags":[1236,184,540,545,600,1237],"class_list":["post-9063","post","type-post","status-publish","format-standard","hentry","category-liturgique","category-careme-2014","category-ecritures","tag-aphraate","tag-careme","tag-jeune","tag-jonas","tag-lumiere","tag-ninive"],"_links":{"self":[{"href":"https:\/\/www.associationdemarie.org\/blog\/wp-json\/wp\/v2\/posts\/9063","targetHints":{"allow":["GET"]}}],"collection":[{"href":"https:\/\/www.associationdemarie.org\/blog\/wp-json\/wp\/v2\/posts"}],"about":[{"href":"https:\/\/www.associationdemarie.org\/blog\/wp-json\/wp\/v2\/types\/post"}],"author":[{"embeddable":true,"href":"https:\/\/www.associationdemarie.org\/blog\/wp-json\/wp\/v2\/users\/2"}],"replies":[{"embeddable":true,"href":"https:\/\/www.associationdemarie.org\/blog\/wp-json\/wp\/v2\/comments?post=9063"}],"version-history":[{"count":3,"href":"https:\/\/www.associationdemarie.org\/blog\/wp-json\/wp\/v2\/posts\/9063\/revisions"}],"predecessor-version":[{"id":9067,"href":"https:\/\/www.associationdemarie.org\/blog\/wp-json\/wp\/v2\/posts\/9063\/revisions\/9067"}],"wp:attachment":[{"href":"https:\/\/www.associationdemarie.org\/blog\/wp-json\/wp\/v2\/media?parent=9063"}],"wp:term":[{"taxonomy":"category","embeddable":true,"href":"https:\/\/www.associationdemarie.org\/blog\/wp-json\/wp\/v2\/categories?post=9063"},{"taxonomy":"post_tag","embeddable":true,"href":"https:\/\/www.associationdemarie.org\/blog\/wp-json\/wp\/v2\/tags?post=9063"}],"curies":[{"name":"wp","href":"https:\/\/api.w.org\/{rel}","templated":true}]}}