{"id":9038,"date":"2014-03-07T01:22:42","date_gmt":"2014-03-07T00:22:42","guid":{"rendered":"http:\/\/www.associationdemarie.org\/blog\/?p=9038"},"modified":"2014-02-14T06:30:02","modified_gmt":"2014-02-14T05:30:02","slug":"alors-ils-jeuneront","status":"publish","type":"post","link":"https:\/\/www.associationdemarie.org\/blog\/alors-ils-jeuneront\/","title":{"rendered":"\u00ab Alors ils je\u00fbneront. \u00bb"},"content":{"rendered":"<p><a href=\"https:\/\/www.associationdemarie.org\/blog\/wp-content\/uploads\/2014\/02\/epp_so10.png\"><img loading=\"lazy\" decoding=\"async\" class=\"aligncenter size-full wp-image-9039\" alt=\"epp_so10\" src=\"https:\/\/www.associationdemarie.org\/blog\/wp-content\/uploads\/2014\/02\/epp_so10.png\" width=\"508\" height=\"99\" srcset=\"https:\/\/www.associationdemarie.org\/blog\/wp-content\/uploads\/2014\/02\/epp_so10.png 508w, https:\/\/www.associationdemarie.org\/blog\/wp-content\/uploads\/2014\/02\/epp_so10-300x58.png 300w\" sizes=\"auto, (max-width: 508px) 100vw, 508px\" \/><\/a><\/p>\n<p>\u00ab Pourquoi tes disciples ne je\u00fbnent-ils pas ? \u00bb J\u00e9sus leur avait r\u00e9pondu : \u00ab Les invit\u00e9s \u00e0 la noce peuvent-ils \u00eatre en deuil tant que l\u2019\u00e9poux est avec eux ? Mais des jours viendront o\u00f9 l\u2019\u00e9poux leur aura \u00e9t\u00e9 enlev\u00e9 : c\u2019est alors qu\u2019ils je\u00fbneront. \u00bb Le temps du car\u00eame, en effet, nous rappelle que l\u2019\u00e9poux nous a \u00e9t\u00e9 enlev\u00e9. Il a \u00e9t\u00e9 enlev\u00e9, arr\u00eat\u00e9, emprisonn\u00e9, soufflet\u00e9, flagell\u00e9, couronn\u00e9 d\u2019\u00e9pines, crucifi\u00e9. Le je\u00fbne du car\u00eame est l\u2019expression de notre solidarit\u00e9 avec le Christ\u2026 \u00ab Mon amour a \u00e9t\u00e9 crucifi\u00e9, et la flamme du d\u00e9sir pour les choses mat\u00e9rielles est \u00e9teinte en moi \u00bb, \u00e9crivait saint Ignace, \u00e9v\u00eaque d\u2019Antioche [au tournant des 1er et 2e si\u00e8cles]&#8230;<\/p>\n<p>La nourriture et la boisson sont indispensables \u00e0 l\u2019homme pour vivre. Il s\u2019en sert et il doit s\u2019en servir, mais il ne lui est pas permis d\u2019en abuser d\u2019une fa\u00e7on ou d\u2019une autre. L\u2019abstention traditionnelle de nourriture et de boisson a non seulement pour but de donner \u00e0 la vie de l\u2019homme l\u2019\u00e9quilibre qui lui est n\u00e9cessaire, mais aussi de le d\u00e9tacher de ce que l\u2019on pourrait appeler \u00ab la mentalit\u00e9 de consommation \u00bb. Cette mentalit\u00e9 est devenue aujourd\u2019hui une des caract\u00e9ristiques de la civilisation et, en particulier, de la civilisation occidentale\u2026 L\u2019homme orient\u00e9 vers les biens mat\u00e9riels\u2026en abuse bien souvent.<\/p>\n<p>Il ne s\u2019agit pas ici que de nourriture et de boisson. Lorsque l\u2019homme est orient\u00e9 exclusivement vers la possession et l\u2019usage des biens mat\u00e9riels, c\u2019est-\u00e0-dire vers les choses, c\u2019est alors toute la civilisation qui est mesur\u00e9e selon la quantit\u00e9 et la qualit\u00e9 des choses qu\u2019elle peut fournir \u00e0 l\u2019homme, et non selon l\u2019homme, \u00e0 la mesure de l\u2019homme. Cette civilisation, en effet, fournit les biens mat\u00e9riels non seulement pour qu\u2019ils servent \u00e0 l\u2019homme, \u00e0 ses activit\u00e9s cr\u00e9atrices et utiles mais, et toujours plus, pour satisfaire et exciter ses sens, pour le plaisir d\u2019un instant, pour des sensations de plus en plus multiples, [par exemple, par] les m\u00e9dias audiovisuels&#8230; L\u2019homme d\u2019aujourd\u2019hui doit donc je\u00fbner c\u2019est-\u00e0-dire s\u2019abstenir non seulement de nourriture et de boisson, mais de beaucoup d\u2019autres moyens de consommation, de stimulations et de satisfactions des sens.<\/p>\n<p>Bienheureux Jean-Paul II (1920-2005), pape<br \/>\n<i>Audience g\u00e9n\u00e9rale du 21\/03\/1979 (trad. \u00a9 copyright Libreria Editrice Vaticana)<\/i><\/p>\n<p>&nbsp;<\/p>\n<p>&nbsp;<\/p>\n<p>&nbsp;<\/p>\n","protected":false},"excerpt":{"rendered":"<p>\u00ab Pourquoi tes disciples ne je\u00fbnent-ils pas ? \u00bb J\u00e9sus leur avait r\u00e9pondu : \u00ab Les invit\u00e9s \u00e0 la noce peuvent-ils \u00eatre en deuil tant que l\u2019\u00e9poux est avec eux ? Mais des jours viendront o\u00f9 l\u2019\u00e9poux leur aura \u00e9t\u00e9 enlev\u00e9 : c\u2019est alors qu\u2019ils je\u00fbneront. \u00bb Le temps du car\u00eame, en effet, nous rappelle [&hellip;]<\/p>\n","protected":false},"author":2,"featured_media":0,"comment_status":"closed","ping_status":"closed","sticky":false,"template":"","format":"standard","meta":{"footnotes":""},"categories":[3,1235,13,28],"tags":[158,305,1382,369,535,540],"class_list":["post-9038","post","type-post","status-publish","format-standard","hentry","category-liturgique","category-careme-2014","category-ecritures","category-saints-et-saintes","tag-bienheureux-jean-paul-2","tag-disciples","tag-ecritures","tag-epoux","tag-jesus","tag-jeune"],"_links":{"self":[{"href":"https:\/\/www.associationdemarie.org\/blog\/wp-json\/wp\/v2\/posts\/9038","targetHints":{"allow":["GET"]}}],"collection":[{"href":"https:\/\/www.associationdemarie.org\/blog\/wp-json\/wp\/v2\/posts"}],"about":[{"href":"https:\/\/www.associationdemarie.org\/blog\/wp-json\/wp\/v2\/types\/post"}],"author":[{"embeddable":true,"href":"https:\/\/www.associationdemarie.org\/blog\/wp-json\/wp\/v2\/users\/2"}],"replies":[{"embeddable":true,"href":"https:\/\/www.associationdemarie.org\/blog\/wp-json\/wp\/v2\/comments?post=9038"}],"version-history":[{"count":1,"href":"https:\/\/www.associationdemarie.org\/blog\/wp-json\/wp\/v2\/posts\/9038\/revisions"}],"predecessor-version":[{"id":9040,"href":"https:\/\/www.associationdemarie.org\/blog\/wp-json\/wp\/v2\/posts\/9038\/revisions\/9040"}],"wp:attachment":[{"href":"https:\/\/www.associationdemarie.org\/blog\/wp-json\/wp\/v2\/media?parent=9038"}],"wp:term":[{"taxonomy":"category","embeddable":true,"href":"https:\/\/www.associationdemarie.org\/blog\/wp-json\/wp\/v2\/categories?post=9038"},{"taxonomy":"post_tag","embeddable":true,"href":"https:\/\/www.associationdemarie.org\/blog\/wp-json\/wp\/v2\/tags?post=9038"}],"curies":[{"name":"wp","href":"https:\/\/api.w.org\/{rel}","templated":true}]}}