{"id":9033,"date":"2014-03-06T01:30:53","date_gmt":"2014-03-06T00:30:53","guid":{"rendered":"http:\/\/www.associationdemarie.org\/blog\/?p=9033"},"modified":"2014-02-13T06:37:40","modified_gmt":"2014-02-13T05:37:40","slug":"marcher-a-sa-suite","status":"publish","type":"post","link":"https:\/\/www.associationdemarie.org\/blog\/marcher-a-sa-suite\/","title":{"rendered":"Marcher \u00e0 sa suite"},"content":{"rendered":"<p><a href=\"https:\/\/www.associationdemarie.org\/blog\/wp-content\/uploads\/2014\/03\/Tu_es_poussiere-2.jpg\"><img loading=\"lazy\" decoding=\"async\" class=\"aligncenter size-medium wp-image-9035\" alt=\"Tu_es_poussiere-2\" src=\"https:\/\/www.associationdemarie.org\/blog\/wp-content\/uploads\/2014\/03\/Tu_es_poussiere-2-300x225.jpg\" width=\"300\" height=\"225\" srcset=\"https:\/\/www.associationdemarie.org\/blog\/wp-content\/uploads\/2014\/03\/Tu_es_poussiere-2-300x225.jpg 300w, https:\/\/www.associationdemarie.org\/blog\/wp-content\/uploads\/2014\/03\/Tu_es_poussiere-2.jpg 640w\" sizes=\"auto, (max-width: 300px) 100vw, 300px\" \/><\/a><\/p>\n<p>Le \u00ab moment favorable \u00bb (2Co 6,2) et de gr\u00e2ce du car\u00eame nous montre sa signification spirituelle \u00e0 travers l&rsquo;antique formule : \u00ab Souviens-toi que tu es poussi\u00e8re et que tu retourneras \u00e0 la poussi\u00e8re \u00bb, que le pr\u00eatre prononce lorsqu&rsquo;il impose un peu de cendres sur notre t\u00eate. Nous sommes ainsi renvoy\u00e9s aux d\u00e9buts de l&rsquo;histoire humaine, quand le Seigneur a dit \u00e0 Adam, apr\u00e8s la faute des origines : \u00ab Tu mangeras ton pain \u00e0 la sueur de ton front, jusqu&rsquo;\u00e0 ce que tu retournes au sol, puisque tu en fus tir\u00e9. Car tu es glaise et tu retourneras \u00e0 la glaise \u00bb (Gn 3,19 ; 2,7)\u2026<\/p>\n<p>L&rsquo;homme est poussi\u00e8re et il retournera \u00e0 la poussi\u00e8re, mais il est une poussi\u00e8re pr\u00e9cieuse aux yeux de Dieu, parce que Dieu a cr\u00e9\u00e9 l&rsquo;homme en le destinant \u00e0 l&rsquo;immortalit\u00e9. Ainsi, cette formule liturgique\u2026trouve la pl\u00e9nitude de son sens en r\u00e9f\u00e9rence au nouvel Adam, le Christ (1Co 15,45). Le Seigneur J\u00e9sus lui aussi a librement voulu partager avec chaque homme le sort de la fragilit\u00e9, en particulier \u00e0 travers sa mort sur la croix ; mais cette mort pr\u00e9cis\u00e9ment, pleine de son amour pour le P\u00e8re et pour l&rsquo;humanit\u00e9, a \u00e9t\u00e9 le chemin de la r\u00e9surrection glorieuse, \u00e0 travers laquelle le Christ est devenu la source d&rsquo;une gr\u00e2ce donn\u00e9e \u00e0 tous ceux qui croient en lui et participent \u00e0 la vie divine elle-m\u00eame.<\/p>\n<p>Cette vie qui n&rsquo;aura pas de fin est d\u00e9j\u00e0 en acte dans la phase terrestre de notre existence, mais elle sera port\u00e9e \u00e0 son accomplissement apr\u00e8s la r\u00e9surrection de la chair. Le petit geste de l&rsquo;imposition des cendres nous r\u00e9v\u00e8le donc la richesse de sa signification : c&rsquo;est une invitation \u00e0 parcourir le temps du car\u00eame comme une immersion plus consciente et plus intense dans le myst\u00e8re pascal du Christ, dans sa mort et sa r\u00e9surrection, \u00e0 travers la participation \u00e0 l&rsquo;eucharistie et \u00e0 la vie de charit\u00e9. Nous renouvelons notre engagement \u00e0 suivre J\u00e9sus, \u00e0 nous laisser transformer par son myst\u00e8re pascal, pour l&#8217;emporter sur le mal et faire le bien, pour faire mourir notre \u00ab vieil homme \u00bb li\u00e9 au p\u00e9ch\u00e9 et faire na\u00eetre l&rsquo;\u00ab homme nouveau \u00bb (Ep 4,22s) transform\u00e9 par la gr\u00e2ce de Dieu.<\/p>\n<p>Beno\u00eet XVI, pape de 2005 \u00e0 2013<br \/>\n<i>Audience g\u00e9n\u00e9rale du 17\/02\/2010 (trad. \u00a9 copyright Libreria Editrice Vaticana)<\/i><\/p>\n<p>&nbsp;<\/p>\n<p>&nbsp;<\/p>\n<p>&nbsp;<\/p>\n<p>&nbsp;<\/p>\n","protected":false},"excerpt":{"rendered":"<p>Le \u00ab moment favorable \u00bb (2Co 6,2) et de gr\u00e2ce du car\u00eame nous montre sa signification spirituelle \u00e0 travers l&rsquo;antique formule : \u00ab Souviens-toi que tu es poussi\u00e8re et que tu retourneras \u00e0 la poussi\u00e8re \u00bb, que le pr\u00eatre prononce lorsqu&rsquo;il impose un peu de cendres sur notre t\u00eate. Nous sommes ainsi renvoy\u00e9s aux d\u00e9buts [&hellip;]<\/p>\n","protected":false},"author":2,"featured_media":0,"comment_status":"closed","ping_status":"closed","sticky":false,"template":"","format":"standard","meta":{"footnotes":""},"categories":[3,1235,13],"tags":[40,142,184,220,817],"class_list":["post-9033","post","type-post","status-publish","format-standard","hentry","category-liturgique","category-careme-2014","category-ecritures","tag-adam","tag-benoit-16","tag-careme","tag-christ","tag-poussiere"],"_links":{"self":[{"href":"https:\/\/www.associationdemarie.org\/blog\/wp-json\/wp\/v2\/posts\/9033","targetHints":{"allow":["GET"]}}],"collection":[{"href":"https:\/\/www.associationdemarie.org\/blog\/wp-json\/wp\/v2\/posts"}],"about":[{"href":"https:\/\/www.associationdemarie.org\/blog\/wp-json\/wp\/v2\/types\/post"}],"author":[{"embeddable":true,"href":"https:\/\/www.associationdemarie.org\/blog\/wp-json\/wp\/v2\/users\/2"}],"replies":[{"embeddable":true,"href":"https:\/\/www.associationdemarie.org\/blog\/wp-json\/wp\/v2\/comments?post=9033"}],"version-history":[{"count":3,"href":"https:\/\/www.associationdemarie.org\/blog\/wp-json\/wp\/v2\/posts\/9033\/revisions"}],"predecessor-version":[{"id":9037,"href":"https:\/\/www.associationdemarie.org\/blog\/wp-json\/wp\/v2\/posts\/9033\/revisions\/9037"}],"wp:attachment":[{"href":"https:\/\/www.associationdemarie.org\/blog\/wp-json\/wp\/v2\/media?parent=9033"}],"wp:term":[{"taxonomy":"category","embeddable":true,"href":"https:\/\/www.associationdemarie.org\/blog\/wp-json\/wp\/v2\/categories?post=9033"},{"taxonomy":"post_tag","embeddable":true,"href":"https:\/\/www.associationdemarie.org\/blog\/wp-json\/wp\/v2\/tags?post=9033"}],"curies":[{"name":"wp","href":"https:\/\/api.w.org\/{rel}","templated":true}]}}