{"id":8947,"date":"2014-02-13T01:08:05","date_gmt":"2014-02-13T00:08:05","guid":{"rendered":"http:\/\/www.associationdemarie.org\/blog\/?p=8947"},"modified":"2014-02-13T06:27:37","modified_gmt":"2014-02-13T05:27:37","slug":"8947","status":"publish","type":"post","link":"https:\/\/www.associationdemarie.org\/blog\/8947\/","title":{"rendered":"Optimisme"},"content":{"rendered":"<div><a href=\"https:\/\/www.associationdemarie.org\/blog\/wp-content\/uploads\/2014\/01\/optimisme.jpg\"><img loading=\"lazy\" decoding=\"async\" class=\"aligncenter  wp-image-8948\" alt=\"optimisme\" src=\"https:\/\/www.associationdemarie.org\/blog\/wp-content\/uploads\/2014\/01\/optimisme.jpg\" width=\"441\" height=\"244\" srcset=\"https:\/\/www.associationdemarie.org\/blog\/wp-content\/uploads\/2014\/01\/optimisme.jpg 630w, https:\/\/www.associationdemarie.org\/blog\/wp-content\/uploads\/2014\/01\/optimisme-300x165.jpg 300w\" sizes=\"auto, (max-width: 441px) 100vw, 441px\" \/><\/a><\/div>\n<div><span style=\"color: #ffffff;\">.<\/span><\/div>\n<div>Ce n\u2019est pas en tirant sur l\u2019herbe qu\u2019on la fait pousser, nous apprend la sagesse populaire. Face aux injonctions \u00e0 l\u2019optimisme que l\u2019on entend r\u00e9guli\u00e8rement, on est en droit de ressentir un certain agacement. (&#8230;) L\u2019optimisme, cela ne se commande pas. En revanche, cela peut se cultiver avec patience.<\/div>\n<div>Pour y parvenir, une r\u00e8gle essentielle?: s\u2019interdire de peindre la r\u00e9alit\u00e9 en rose. Un optimisme fond\u00e9 sur l\u2019ignorance est une fragile illusion. Dans bien des situations, il faut d\u2019abord savoir regarder en face la duret\u00e9 des choses, la douleur des hommes, l\u2019incertitude du lendemain.\u00a0<b>Pour les catholiques, la constitution pastorale Gaudium et spes du concile Vatican II exprime bien cet imp\u00e9ratif d\u2019un optimisme lucide?: ce texte fondateur \u00e9voque ainsi d\u00e8s sa premi\u00e8re phrase \u00ab les joies et les espoirs \u00bb mais aussi \u00ab les tristesses et les angoisses des hommes de ce temps \u00bb.\u00a0<\/b>C\u2019est seulement apr\u00e8s avoir consid\u00e9r\u00e9 le versant sombre du monde que l\u2019on peut tenter de tourner ses yeux vers les sources de lumi\u00e8re.<\/div>\n<div>L\u2019optimiste est donc simplement celui qui ne s\u2019arr\u00eate pas au pire mais s\u2019emploie aussi \u00e0 observer le meilleur. (&#8230;) Cette lucidit\u00e9 esp\u00e9rante (certains diraient plut\u00f4t?: ce pessimisme actif) est une discipline indispensable pour trouver le courage de changer le monde. Et pour avoir confiance?: le pire n\u2019est pas toujours s\u00fbr.<\/div>\n<div><span style=\"color: #ffffff;\">.<\/span><\/div>\n<div><i>Guillaume Goubert, r\u00e9dacteur en chef de \u00ab\u00a0La Croix\u00a0\u00bb<\/i><\/div>\n<div><i>in \u00ab\u00a0La Croix\u00a0\u00bb 7\/1\/14<\/i><\/div>\n<div><\/div>\n<div><\/div>\n<div><\/div>\n<div><\/div>\n<div><\/div>\n","protected":false},"excerpt":{"rendered":"<p>. Ce n\u2019est pas en tirant sur l\u2019herbe qu\u2019on la fait pousser, nous apprend la sagesse populaire. Face aux injonctions \u00e0 l\u2019optimisme que l\u2019on entend r\u00e9guli\u00e8rement, on est en droit de ressentir un certain agacement. (&#8230;) L\u2019optimisme, cela ne se commande pas. En revanche, cela peut se cultiver avec patience. Pour y parvenir, une r\u00e8gle [&hellip;]<\/p>\n","protected":false},"author":2,"featured_media":0,"comment_status":"closed","ping_status":"closed","sticky":false,"template":"","format":"standard","meta":{"footnotes":""},"categories":[2,12],"tags":[445,544,1231,1174],"class_list":["post-8947","post","type-post","status-publish","format-standard","hentry","category-actualites","category-crise","tag-gaudete","tag-joie","tag-optimisme","tag-vatican-2"],"_links":{"self":[{"href":"https:\/\/www.associationdemarie.org\/blog\/wp-json\/wp\/v2\/posts\/8947","targetHints":{"allow":["GET"]}}],"collection":[{"href":"https:\/\/www.associationdemarie.org\/blog\/wp-json\/wp\/v2\/posts"}],"about":[{"href":"https:\/\/www.associationdemarie.org\/blog\/wp-json\/wp\/v2\/types\/post"}],"author":[{"embeddable":true,"href":"https:\/\/www.associationdemarie.org\/blog\/wp-json\/wp\/v2\/users\/2"}],"replies":[{"embeddable":true,"href":"https:\/\/www.associationdemarie.org\/blog\/wp-json\/wp\/v2\/comments?post=8947"}],"version-history":[{"count":3,"href":"https:\/\/www.associationdemarie.org\/blog\/wp-json\/wp\/v2\/posts\/8947\/revisions"}],"predecessor-version":[{"id":9032,"href":"https:\/\/www.associationdemarie.org\/blog\/wp-json\/wp\/v2\/posts\/8947\/revisions\/9032"}],"wp:attachment":[{"href":"https:\/\/www.associationdemarie.org\/blog\/wp-json\/wp\/v2\/media?parent=8947"}],"wp:term":[{"taxonomy":"category","embeddable":true,"href":"https:\/\/www.associationdemarie.org\/blog\/wp-json\/wp\/v2\/categories?post=8947"},{"taxonomy":"post_tag","embeddable":true,"href":"https:\/\/www.associationdemarie.org\/blog\/wp-json\/wp\/v2\/tags?post=8947"}],"curies":[{"name":"wp","href":"https:\/\/api.w.org\/{rel}","templated":true}]}}