{"id":8938,"date":"2014-02-11T01:56:50","date_gmt":"2014-02-11T00:56:50","guid":{"rendered":"http:\/\/www.associationdemarie.org\/blog\/?p=8938"},"modified":"2014-01-22T14:02:08","modified_gmt":"2014-01-22T13:02:08","slug":"notre-dame-de-lourdes-1858","status":"publish","type":"post","link":"https:\/\/www.associationdemarie.org\/blog\/notre-dame-de-lourdes-1858\/","title":{"rendered":"Notre-Dame de Lourdes (1858)"},"content":{"rendered":"<p><a href=\"https:\/\/www.associationdemarie.org\/blog\/wp-content\/uploads\/2014\/01\/Beata_Vergine_Maria_di_Lourdes_A.jpg\"><img loading=\"lazy\" decoding=\"async\" class=\"alignright  wp-image-8939\" alt=\"Beata_Vergine_Maria_di_Lourdes_A\" src=\"https:\/\/www.associationdemarie.org\/blog\/wp-content\/uploads\/2014\/01\/Beata_Vergine_Maria_di_Lourdes_A.jpg\" width=\"173\" height=\"343\" srcset=\"https:\/\/www.associationdemarie.org\/blog\/wp-content\/uploads\/2014\/01\/Beata_Vergine_Maria_di_Lourdes_A.jpg 353w, https:\/\/www.associationdemarie.org\/blog\/wp-content\/uploads\/2014\/01\/Beata_Vergine_Maria_di_Lourdes_A-151x300.jpg 151w\" sizes=\"auto, (max-width: 173px) 100vw, 173px\" \/><\/a><\/p>\n<p>&nbsp;<\/p>\n<p>Marie, proclam\u00e9e Immacul\u00e9e dans sa Conception, le 8 d\u00e9cembre 1854 (dogme de l\u2019\u00c9glise catholique d\u00e9fini par le Bx Pie IX dans la bulle\u00a0<em>Ineffabilis Deus<\/em>), ne devait pas tarder \u00e0 montrer combien elle agr\u00e9ait ce nouvel hommage de l&rsquo;\u00c9glise. Quatre ans plus tard, en 1858, elle daigna se montrer, \u00e0 dix-huit reprises du 11 f\u00e9vrier au 16 juillet, \u00e0 une petite fille de Lourdes.<\/p>\n<p>L&rsquo;enfant, ignorante et candide, s&rsquo;appelait Bernadette. La Vierge paraissait dans une grotte sauvage. Son visage \u00e9tait gracieux et vermeil ; elle \u00e9tait envelopp\u00e9e dans les plis d&rsquo;un long voile blanc ; une ceinture bleue flottait autour d&rsquo;elle ; sur chacun de ses pieds brillait une rose \u00e9panouie. L&rsquo;enfant regarda longtemps, elle prit son chapelet et le r\u00e9cita pieusement. L&rsquo;apparition lui demanda de revenir.<\/p>\n<p>La seizi\u00e8me fois, le 25 mars 1858, Bernadette supplia la vision de se faire conna\u00eetre. Alors, l&rsquo;\u00eatre myst\u00e9rieux, joignant les mains devant sa poitrine, et rev\u00eatant une majest\u00e9 toute divine, disparut en disant : \u00ab\u00a0<em>Que soy era immaculada councepciou<\/em>\u00a0\u00bb (\u00ab\u00a0<em>Je suis l&rsquo;Immacul\u00e9e Conception<\/em>\u00a0\u00bb). C&rsquo;\u00e9tait la Sainte Vierge, patronne de l&rsquo;\u00c9glise et de la France, qui venait appeler son peuple \u00e0 la pri\u00e8re et \u00e0 la p\u00e9nitence.<\/p>\n<p>\u00c0 partir de cette \u00e9poque, la ville de Lourdes devenait immortelle. L&rsquo;apparition triompha de toutes les impi\u00e9t\u00e9s et de toutes les pers\u00e9cutions. Des foules immenses sont venues, selon le d\u00e9sir exprim\u00e9 par l&rsquo;apparition, saluer la Vierge Immacul\u00e9e dans sa grotte b\u00e9nie et dans les splendides sanctuaires \u00e9rig\u00e9s \u00e0 sa demande et en son honneur, sur le flanc de la montagne.<\/p>\n<p>De nombreux et \u00e9clatants miracles ont r\u00e9compens\u00e9 et r\u00e9compensent toujours la foi des pieux p\u00e8lerins ; et chaque jour ce grand mouvement catholique va croissant ; c&rsquo;est par centaines de milliers, chaque ann\u00e9e, que les d\u00e9vots de Marie affluent, \u00e0 Lourdes, de toutes les parties du monde.<\/p>\n<p>La pi\u00e9t\u00e9 catholique a multipli\u00e9 les histoires et les notices de Notre-Dame de Lourdes ; mille et mille cantiques de toutes langues ont \u00e9t\u00e9 chant\u00e9s au pied de la grotte b\u00e9nie ; partout, en France et dans toutes les parties du monde, se sont multipli\u00e9es les repr\u00e9sentations de la grotte de Lourdes et de sa basilique, les images et les statues de la Vierge Immacul\u00e9e. Les f\u00e9eriques processions aux flambeaux, les merveilleuses illuminations, les grandioses manifestations qui s&rsquo;y renouvellent souvent, ont fait de Lourdes comme un coin du Paradis.<\/p>\n<p>&nbsp;<\/p>\n<p>&nbsp;<\/p>\n<p>&nbsp;<\/p>\n<p>&nbsp;<\/p>\n<p>&nbsp;<\/p>\n","protected":false},"excerpt":{"rendered":"<p>&nbsp; Marie, proclam\u00e9e Immacul\u00e9e dans sa Conception, le 8 d\u00e9cembre 1854 (dogme de l\u2019\u00c9glise catholique d\u00e9fini par le Bx Pie IX dans la bulle\u00a0Ineffabilis Deus), ne devait pas tarder \u00e0 montrer combien elle agr\u00e9ait ce nouvel hommage de l&rsquo;\u00c9glise. Quatre ans plus tard, en 1858, elle daigna se montrer, \u00e0 dix-huit reprises du 11 f\u00e9vrier [&hellip;]<\/p>\n","protected":false},"author":2,"featured_media":0,"comment_status":"closed","ping_status":"closed","sticky":false,"template":"","format":"standard","meta":{"footnotes":""},"categories":[3,13,15,28],"tags":[85,493,598,1087,1189],"class_list":["post-8938","post","type-post","status-publish","format-standard","hentry","category-liturgique","category-ecritures","category-histoire","category-saints-et-saintes","tag-apparition","tag-immaculee-conception","tag-lourdes","tag-ste-bernadette","tag-vierge-marie"],"_links":{"self":[{"href":"https:\/\/www.associationdemarie.org\/blog\/wp-json\/wp\/v2\/posts\/8938","targetHints":{"allow":["GET"]}}],"collection":[{"href":"https:\/\/www.associationdemarie.org\/blog\/wp-json\/wp\/v2\/posts"}],"about":[{"href":"https:\/\/www.associationdemarie.org\/blog\/wp-json\/wp\/v2\/types\/post"}],"author":[{"embeddable":true,"href":"https:\/\/www.associationdemarie.org\/blog\/wp-json\/wp\/v2\/users\/2"}],"replies":[{"embeddable":true,"href":"https:\/\/www.associationdemarie.org\/blog\/wp-json\/wp\/v2\/comments?post=8938"}],"version-history":[{"count":2,"href":"https:\/\/www.associationdemarie.org\/blog\/wp-json\/wp\/v2\/posts\/8938\/revisions"}],"predecessor-version":[{"id":8941,"href":"https:\/\/www.associationdemarie.org\/blog\/wp-json\/wp\/v2\/posts\/8938\/revisions\/8941"}],"wp:attachment":[{"href":"https:\/\/www.associationdemarie.org\/blog\/wp-json\/wp\/v2\/media?parent=8938"}],"wp:term":[{"taxonomy":"category","embeddable":true,"href":"https:\/\/www.associationdemarie.org\/blog\/wp-json\/wp\/v2\/categories?post=8938"},{"taxonomy":"post_tag","embeddable":true,"href":"https:\/\/www.associationdemarie.org\/blog\/wp-json\/wp\/v2\/tags?post=8938"}],"curies":[{"name":"wp","href":"https:\/\/api.w.org\/{rel}","templated":true}]}}