{"id":8920,"date":"2014-02-07T01:17:08","date_gmt":"2014-02-07T00:17:08","guid":{"rendered":"http:\/\/www.associationdemarie.org\/blog\/?p=8920"},"modified":"2014-02-07T06:23:35","modified_gmt":"2014-02-07T05:23:35","slug":"jean-baptiste-temoin-de-la-foi","status":"publish","type":"post","link":"https:\/\/www.associationdemarie.org\/blog\/jean-baptiste-temoin-de-la-foi\/","title":{"rendered":"Jean Baptiste, t\u00e9moin de la foi"},"content":{"rendered":"<p><a href=\"https:\/\/www.associationdemarie.org\/blog\/wp-content\/uploads\/2014\/01\/Saint-Jean-Baptiste_theme_image.jpg\"><img loading=\"lazy\" decoding=\"async\" class=\"aligncenter size-full wp-image-8921\" alt=\"Saint-Jean-Baptiste\" src=\"https:\/\/www.associationdemarie.org\/blog\/wp-content\/uploads\/2014\/01\/Saint-Jean-Baptiste_theme_image.jpg\" width=\"445\" height=\"333\" \/><\/a><\/p>\n<p>Je veux proposer de nouveau \u00e0 tous, afin qu\u2019il ne soit jamais oubli\u00e9, le grand signe d\u2019esp\u00e9rance constitu\u00e9 par les nombreux t\u00e9moins de la foi chr\u00e9tienne qui ont v\u00e9cu au [vingti\u00e8me] si\u00e8cle, \u00e0 l\u2019Est comme \u00e0 l\u2019Ouest. Ils ont su vivre l\u2019\u00c9vangile dans des situations d\u2019hostilit\u00e9 et de pers\u00e9cution, souvent jusqu\u2019\u00e0 l\u2019\u00e9preuve finale de l\u2019effusion du sang.<\/p>\n<p>Ces t\u00e9moins, en particulier ceux qui ont affront\u00e9 l\u2019\u00e9preuve du martyre, sont un signe \u00e9loquent et grandiose, qu\u2019il nous est demand\u00e9 de contempler et d\u2019imiter. Ils attestent \u00e0 nos yeux la vitalit\u00e9 de l\u2019\u00c9glise ; ils nous apparaissent comme une lumi\u00e8re pour l\u2019\u00c9glise et pour l\u2019humanit\u00e9, car ils ont fait resplendir dans les t\u00e9n\u00e8bres la lumi\u00e8re du Christ. Appartenant \u00e0 diverses confessions chr\u00e9tiennes, ils resplendissent de ce fait comme un signe d\u2019esp\u00e9rance pour le cheminement \u0153cum\u00e9nique, dans la certitude que leur sang est aussi une s\u00e8ve d\u2019unit\u00e9 pour l\u2019\u00c9glise.<\/p>\n<p>Plus radicalement encore, ils nous disent que le martyre est l\u2019incarnation supr\u00eame de l\u2019\u00c9vangile de l\u2019esp\u00e9rance. En effet, les martyrs annoncent cet \u00c9vangile et en t\u00e9moignent par leur vie jusqu\u2019\u00e0 l\u2019effusion du sang, car ils sont certains de ne pas pouvoir vivre sans le Christ et ils sont pr\u00eats \u00e0 mourir pour lui, dans la conviction que J\u00e9sus est le Seigneur et le Sauveur des hommes et qu\u2019en lui seulement l\u2019homme peut donc trouver la v\u00e9ritable pl\u00e9nitude de la vie. De cette fa\u00e7on, selon l\u2019avertissement de l\u2019ap\u00f4tre Pierre, ils se montrent \u00ab pr\u00eats \u00e0 rendre compte de l\u2019esp\u00e9rance qui est en eux \u00bb (1P 3,15). En outre, les martyrs c\u00e9l\u00e8brent l\u2019\u00c9vangile de l\u2019esp\u00e9rance car l\u2019offrande de leur vie est la manifestation la plus grande et la plus radicale de ce \u00ab sacrifice vivant, saint et accept\u00e9 par Dieu, qui constitue le v\u00e9ritable culte spirituel \u00bb (Rm 12,1), origine, \u00e2me et sommet de toute c\u00e9l\u00e9bration chr\u00e9tienne. Enfin, ils servent l\u2019\u00c9vangile de l\u2019esp\u00e9rance parce que, par leur martyre, ils expriment au plus haut degr\u00e9 l\u2019amour et le service de l\u2019homme, en ce qu\u2019ils d\u00e9montrent que l\u2019ob\u00e9issance \u00e0 la loi \u00e9vang\u00e9lique engendre une vie morale et une convivialit\u00e9 qui honorent et promeuvent la dignit\u00e9 et la libert\u00e9 de chaque personne.<\/p>\n<p>Bienheureux Jean-Paul II (1920-2005), pape<br \/>\n<i>Exhortation apostolique \u00ab Ecclesia in Europa \u00bb \u00a713 (trad. \u00a9 copyright Libreria Editrice Vaticana)<\/i><\/p>\n<p>&nbsp;<\/p>\n<p>&nbsp;<\/p>\n<p>&nbsp;<\/p>\n","protected":false},"excerpt":{"rendered":"<p>Je veux proposer de nouveau \u00e0 tous, afin qu\u2019il ne soit jamais oubli\u00e9, le grand signe d\u2019esp\u00e9rance constitu\u00e9 par les nombreux t\u00e9moins de la foi chr\u00e9tienne qui ont v\u00e9cu au [vingti\u00e8me] si\u00e8cle, \u00e0 l\u2019Est comme \u00e0 l\u2019Ouest. Ils ont su vivre l\u2019\u00c9vangile dans des situations d\u2019hostilit\u00e9 et de pers\u00e9cution, souvent jusqu\u2019\u00e0 l\u2019\u00e9preuve finale de l\u2019effusion [&hellip;]<\/p>\n","protected":false},"author":2,"featured_media":0,"comment_status":"closed","ping_status":"closed","sticky":false,"template":"","format":"standard","meta":{"footnotes":""},"categories":[3,13,15,28],"tags":[158,425,1383,600,647,1042],"class_list":["post-8920","post","type-post","status-publish","format-standard","hentry","category-liturgique","category-ecritures","category-histoire","category-saints-et-saintes","tag-bienheureux-jean-paul-2","tag-foi","tag-histoire","tag-lumiere","tag-martyr","tag-st-jean-baptiste"],"_links":{"self":[{"href":"https:\/\/www.associationdemarie.org\/blog\/wp-json\/wp\/v2\/posts\/8920","targetHints":{"allow":["GET"]}}],"collection":[{"href":"https:\/\/www.associationdemarie.org\/blog\/wp-json\/wp\/v2\/posts"}],"about":[{"href":"https:\/\/www.associationdemarie.org\/blog\/wp-json\/wp\/v2\/types\/post"}],"author":[{"embeddable":true,"href":"https:\/\/www.associationdemarie.org\/blog\/wp-json\/wp\/v2\/users\/2"}],"replies":[{"embeddable":true,"href":"https:\/\/www.associationdemarie.org\/blog\/wp-json\/wp\/v2\/comments?post=8920"}],"version-history":[{"count":1,"href":"https:\/\/www.associationdemarie.org\/blog\/wp-json\/wp\/v2\/posts\/8920\/revisions"}],"predecessor-version":[{"id":8922,"href":"https:\/\/www.associationdemarie.org\/blog\/wp-json\/wp\/v2\/posts\/8920\/revisions\/8922"}],"wp:attachment":[{"href":"https:\/\/www.associationdemarie.org\/blog\/wp-json\/wp\/v2\/media?parent=8920"}],"wp:term":[{"taxonomy":"category","embeddable":true,"href":"https:\/\/www.associationdemarie.org\/blog\/wp-json\/wp\/v2\/categories?post=8920"},{"taxonomy":"post_tag","embeddable":true,"href":"https:\/\/www.associationdemarie.org\/blog\/wp-json\/wp\/v2\/tags?post=8920"}],"curies":[{"name":"wp","href":"https:\/\/api.w.org\/{rel}","templated":true}]}}