{"id":8917,"date":"2014-02-06T01:11:49","date_gmt":"2014-02-06T00:11:49","guid":{"rendered":"http:\/\/www.associationdemarie.org\/blog\/?p=8917"},"modified":"2014-01-16T06:21:27","modified_gmt":"2014-01-16T05:21:27","slug":"porteurs-de-la-bonne-nouvelle-du-christ","status":"publish","type":"post","link":"https:\/\/www.associationdemarie.org\/blog\/porteurs-de-la-bonne-nouvelle-du-christ\/","title":{"rendered":"Porteurs de la Bonne Nouvelle du Christ"},"content":{"rendered":"<p><a href=\"https:\/\/www.associationdemarie.org\/blog\/wp-content\/uploads\/2014\/01\/porteur-de-lumi\u00e8re.jpg\"><img loading=\"lazy\" decoding=\"async\" class=\"size-full wp-image-8918 alignright\" alt=\"porteur de lumi\u00e8re\" src=\"https:\/\/www.associationdemarie.org\/blog\/wp-content\/uploads\/2014\/01\/porteur-de-lumi\u00e8re.jpg\" width=\"180\" height=\"187\" \/><\/a>Nous vivons un moment de crise qui touche diff\u00e9rents secteurs de l\u2019existence, non seulement celui de l\u2019\u00e9conomie, de la finance, de la s\u00e9curit\u00e9 alimentaire, de l\u2019environnement mais \u00e9galement celui du sens profond de la vie et des valeurs fondamentales qui l\u2019animent. La coexistence humaine est marqu\u00e9e, elle aussi, par des tensions et des conflits qui provoquent ins\u00e9curit\u00e9 et difficult\u00e9 \u00e0 trouver le chemin d\u2019une paix stable. Dans cette situation complexe, o\u00f9 l\u2019horizon du pr\u00e9sent et de l\u2019avenir semble caract\u00e9ris\u00e9 par des nuages mena\u00e7ants, il est encore plus urgent de porter avec courage au sein de chaque r\u00e9alit\u00e9 l\u2019\u00c9vangile du Christ qui constitue une annonce d\u2019esp\u00e9rance, de r\u00e9conciliation, de communion, une annonce de la proximit\u00e9 de Dieu, de sa mis\u00e9ricorde, de son salut, une annonce du fait que la puissance de l\u2019amour de Dieu est capable de l\u2019emporter sur les t\u00e9n\u00e8bres du mal et de conduire sur le chemin du bien. L\u2019homme de notre temps a besoin d\u2019une lumi\u00e8re s\u00fbre qui \u00e9claire sa route et que seule la rencontre avec le Christ peut donner. Portons \u00e0 ce monde, par notre t\u00e9moignage, avec amour, l\u2019esp\u00e9rance donn\u00e9e par la foi !<\/p>\n<p>Le caract\u00e8re missionnaire de l\u2019\u00c9glise n\u2019est pas un pros\u00e9lytisme mais un t\u00e9moignage de vie qui illumine le chemin, qui porte esp\u00e9rance et amour. L\u2019\u00c9glise \u2014 je le r\u00e9p\u00e8te une fois encore \u2014 n\u2019est pas une organisation d\u2019assistance, une entreprise, une ONG mais une communaut\u00e9 de personnes anim\u00e9es par l\u2019action de l\u2019Esprit Saint, qui ont v\u00e9cu et vivent l\u2019\u00e9tonnement de la rencontre avec J\u00e9sus Christ et d\u00e9sirent partager cette exp\u00e9rience de joie profonde, partager le message de salut que le Seigneur nous a apport\u00e9. C\u2019est justement l\u2019Esprit Saint qui conduit l\u2019\u00c9glise sur ce chemin. Je voudrais vous encourager tous \u00e0 vous faire porteurs de la Bonne Nouvelle du Christ.<\/p>\n<p>Pape Fran\u00e7ois<br \/>\n<i>Message pour la Journ\u00e9e mondiale des missions 2013 (trad. \u00a9 copyright Libreria Editrice Vaticana)<\/i><\/p>\n<p>&nbsp;<\/p>\n<p>&nbsp;<\/p>\n<p>&nbsp;<\/p>\n<p>&nbsp;<\/p>\n","protected":false},"excerpt":{"rendered":"<p>Nous vivons un moment de crise qui touche diff\u00e9rents secteurs de l\u2019existence, non seulement celui de l\u2019\u00e9conomie, de la finance, de la s\u00e9curit\u00e9 alimentaire, de l\u2019environnement mais \u00e9galement celui du sens profond de la vie et des valeurs fondamentales qui l\u2019animent. La coexistence humaine est marqu\u00e9e, elle aussi, par des tensions et des conflits qui [&hellip;]<\/p>\n","protected":false},"author":2,"featured_media":0,"comment_status":"closed","ping_status":"closed","sticky":false,"template":"","format":"standard","meta":{"footnotes":""},"categories":[3,12,14],"tags":[1381,336,378,387,761],"class_list":["post-8917","post","type-post","status-publish","format-standard","hentry","category-liturgique","category-crise","category-groupe-prieres","tag-crise","tag-eglise","tag-esprit-saint","tag-evangelisation","tag-pape-francois"],"_links":{"self":[{"href":"https:\/\/www.associationdemarie.org\/blog\/wp-json\/wp\/v2\/posts\/8917","targetHints":{"allow":["GET"]}}],"collection":[{"href":"https:\/\/www.associationdemarie.org\/blog\/wp-json\/wp\/v2\/posts"}],"about":[{"href":"https:\/\/www.associationdemarie.org\/blog\/wp-json\/wp\/v2\/types\/post"}],"author":[{"embeddable":true,"href":"https:\/\/www.associationdemarie.org\/blog\/wp-json\/wp\/v2\/users\/2"}],"replies":[{"embeddable":true,"href":"https:\/\/www.associationdemarie.org\/blog\/wp-json\/wp\/v2\/comments?post=8917"}],"version-history":[{"count":1,"href":"https:\/\/www.associationdemarie.org\/blog\/wp-json\/wp\/v2\/posts\/8917\/revisions"}],"predecessor-version":[{"id":8919,"href":"https:\/\/www.associationdemarie.org\/blog\/wp-json\/wp\/v2\/posts\/8917\/revisions\/8919"}],"wp:attachment":[{"href":"https:\/\/www.associationdemarie.org\/blog\/wp-json\/wp\/v2\/media?parent=8917"}],"wp:term":[{"taxonomy":"category","embeddable":true,"href":"https:\/\/www.associationdemarie.org\/blog\/wp-json\/wp\/v2\/categories?post=8917"},{"taxonomy":"post_tag","embeddable":true,"href":"https:\/\/www.associationdemarie.org\/blog\/wp-json\/wp\/v2\/tags?post=8917"}],"curies":[{"name":"wp","href":"https:\/\/api.w.org\/{rel}","templated":true}]}}