{"id":8863,"date":"2014-01-06T06:26:55","date_gmt":"2014-01-06T05:26:55","guid":{"rendered":"http:\/\/www.associationdemarie.org\/blog\/?p=8863"},"modified":"2014-01-06T06:26:55","modified_gmt":"2014-01-06T05:26:55","slug":"le-peuple-qui-habitait-dans-les-tenebres-a-vu-paraitre-une-grande-lumiere","status":"publish","type":"post","link":"https:\/\/www.associationdemarie.org\/blog\/le-peuple-qui-habitait-dans-les-tenebres-a-vu-paraitre-une-grande-lumiere\/","title":{"rendered":"\u00ab Le peuple qui habitait dans les t\u00e9n\u00e8bres a vu para\u00eetre une grande lumi\u00e8re. \u00bb"},"content":{"rendered":"<p><a href=\"https:\/\/www.associationdemarie.org\/blog\/wp-content\/uploads\/2014\/01\/etoile-noel.png\"><img loading=\"lazy\" decoding=\"async\" class=\"wp-image-8864 alignright\" alt=\"etoile-noel\" src=\"https:\/\/www.associationdemarie.org\/blog\/wp-content\/uploads\/2014\/01\/etoile-noel.png\" width=\"245\" height=\"222\" \/><\/a>La lumi\u00e8re de la foi en J\u00e9sus \u00e9claire aussi le chemin de tous ceux qui cherchent Dieu, et offre la contribution sp\u00e9cifique du christianisme dans le dialogue avec les adeptes des diverses religions\u2026 L\u2019image de cette recherche se trouve dans les mages, guid\u00e9s par l\u2019\u00e9toile jusqu\u2019\u00e0 Bethl\u00e9em (Mt 2,1s). Pour eux, la lumi\u00e8re de Dieu s\u2019est montr\u00e9e comme chemin, comme \u00e9toile qui guide le long d\u2019une route de d\u00e9couvertes. L\u2019\u00e9toile \u00e9voque ainsi la patience de Dieu envers nos yeux, qui doivent s\u2019habituer \u00e0 sa splendeur.<\/p>\n<p>L\u2019homme religieux est en chemin et doit \u00eatre pr\u00eat \u00e0 se laisser guider, \u00e0 sortir de soi pour trouver le Dieu qui surprend toujours. Ce respect de Dieu pour les yeux de l\u2019homme nous montre que, quand l\u2019homme s\u2019approche de lui, la lumi\u00e8re humaine ne se dissout pas dans l\u2019immensit\u00e9 lumineuse de Dieu, comme si elle \u00e9tait une \u00e9toile engloutie par l\u2019aube, mais elle devient plus brillante d\u2019autant plus qu\u2019elle est plus proche du feu des origines, comme le miroir qui refl\u00e8te la splendeur<\/p>\n<p>La confession chr\u00e9tienne de J\u00e9sus, unique sauveur, affirme que toute la lumi\u00e8re de Dieu s\u2019est concentr\u00e9e en lui, dans sa \u00ab vie lumineuse \u00bb, o\u00f9 se r\u00e9v\u00e8lent l\u2019origine et la consommation de l\u2019histoire (D\u00e9cl. Dominus Jesus). Il n\u2019y a aucune exp\u00e9rience humaine, aucun itin\u00e9raire de l\u2019homme vers Dieu, qui ne puisse \u00eatre accueilli, \u00e9clair\u00e9 et purifi\u00e9 par cette lumi\u00e8re. Plus le chr\u00e9tien s\u2019immerge dans le cercle ouvert par la lumi\u00e8re du Christ, plus il est capable de comprendre et d\u2019accompagner la route de tout homme vers Dieu.<\/p>\n<p>Pape Fran\u00e7ois<br \/>\n<i>Encyclique \u00ab Lumen fidei \/ La Lumi\u00e8re de la foi \u00bb, \u00a735 (trad. \u00a9 Libreria Editrice Vaticana)<\/i><\/p>\n<p>&nbsp;<\/p>\n<p>&nbsp;<\/p>\n<p>&nbsp;<\/p>\n","protected":false},"excerpt":{"rendered":"<p>La lumi\u00e8re de la foi en J\u00e9sus \u00e9claire aussi le chemin de tous ceux qui cherchent Dieu, et offre la contribution sp\u00e9cifique du christianisme dans le dialogue avec les adeptes des diverses religions\u2026 L\u2019image de cette recherche se trouve dans les mages, guid\u00e9s par l\u2019\u00e9toile jusqu\u2019\u00e0 Bethl\u00e9em (Mt 2,1s). Pour eux, la lumi\u00e8re de Dieu [&hellip;]<\/p>\n","protected":false},"author":2,"featured_media":0,"comment_status":"closed","ping_status":"closed","sticky":false,"template":"","format":"standard","meta":{"footnotes":""},"categories":[3,13],"tags":[366,383,425,761],"class_list":["post-8863","post","type-post","status-publish","format-standard","hentry","category-liturgique","category-ecritures","tag-epiphanie","tag-etoile","tag-foi","tag-pape-francois"],"_links":{"self":[{"href":"https:\/\/www.associationdemarie.org\/blog\/wp-json\/wp\/v2\/posts\/8863","targetHints":{"allow":["GET"]}}],"collection":[{"href":"https:\/\/www.associationdemarie.org\/blog\/wp-json\/wp\/v2\/posts"}],"about":[{"href":"https:\/\/www.associationdemarie.org\/blog\/wp-json\/wp\/v2\/types\/post"}],"author":[{"embeddable":true,"href":"https:\/\/www.associationdemarie.org\/blog\/wp-json\/wp\/v2\/users\/2"}],"replies":[{"embeddable":true,"href":"https:\/\/www.associationdemarie.org\/blog\/wp-json\/wp\/v2\/comments?post=8863"}],"version-history":[{"count":3,"href":"https:\/\/www.associationdemarie.org\/blog\/wp-json\/wp\/v2\/posts\/8863\/revisions"}],"predecessor-version":[{"id":8867,"href":"https:\/\/www.associationdemarie.org\/blog\/wp-json\/wp\/v2\/posts\/8863\/revisions\/8867"}],"wp:attachment":[{"href":"https:\/\/www.associationdemarie.org\/blog\/wp-json\/wp\/v2\/media?parent=8863"}],"wp:term":[{"taxonomy":"category","embeddable":true,"href":"https:\/\/www.associationdemarie.org\/blog\/wp-json\/wp\/v2\/categories?post=8863"},{"taxonomy":"post_tag","embeddable":true,"href":"https:\/\/www.associationdemarie.org\/blog\/wp-json\/wp\/v2\/tags?post=8863"}],"curies":[{"name":"wp","href":"https:\/\/api.w.org\/{rel}","templated":true}]}}