{"id":8859,"date":"2020-01-26T01:12:44","date_gmt":"2020-01-26T00:12:44","guid":{"rendered":"http:\/\/www.associationdemarie.org\/blog\/?p=8859"},"modified":"2020-01-05T06:49:07","modified_gmt":"2020-01-05T05:49:07","slug":"sur-ceux-qui-habitaient-dans-le-pays-de-lombre-et-de-la-mort-une-lumiere-sest-levee-2","status":"publish","type":"post","link":"https:\/\/www.associationdemarie.org\/blog\/sur-ceux-qui-habitaient-dans-le-pays-de-lombre-et-de-la-mort-une-lumiere-sest-levee-2\/","title":{"rendered":"\u00ab Sur ceux qui habitaient dans le pays de l\u2019ombre et de la mort, une lumi\u00e8re s\u2019est lev\u00e9e. \u00bb"},"content":{"rendered":"<p><a href=\"https:\/\/www.associationdemarie.org\/blog\/wp-content\/uploads\/2014\/01\/2.jpg\"><img loading=\"lazy\" decoding=\"async\" class=\"size-full wp-image-8860 alignleft\" src=\"https:\/\/www.associationdemarie.org\/blog\/wp-content\/uploads\/2014\/01\/2.jpg\" alt=\"lumi\u00e8re\" width=\"280\" height=\"224\" \/><\/a><\/p>\n<p>Christ, daigne allumer toi-m\u00eame nos lampes, toi notre Sauveur plein de douceur ; fais-les br\u00fbler sans fin dans ta demeure, et recevoir de toi, lumi\u00e8re \u00e9ternelle, une lumi\u00e8re ind\u00e9fectible. Que ta lumi\u00e8re dissipe nos propres t\u00e9n\u00e8bres, et que par nous elle fasse reculer les t\u00e9n\u00e8bres du monde. Veuille donc, J\u00e9sus, je t\u2019en prie, allumer ma lampe \u00e0 ta propre lumi\u00e8re, et qu\u2019ainsi, \u00e0 cette clart\u00e9, m\u2019apparaisse le Saint des saints o\u00f9 toi, Pr\u00eatre \u00e9ternel des temps \u00e9ternels, tu fais ton entr\u00e9e sous les portiques de ce temple immense (He 9,11s). Qu\u2019\u00e0 ta lumi\u00e8re je ne cesse de te voir, de tendre vers toi mon regard et mon d\u00e9sir. Alors, dans mon c\u0153ur, je ne verrai que toi seul, et en ta pr\u00e9sence ma lampe sera toujours allum\u00e9e et ardente.<\/p>\n<p>Fais-nous la gr\u00e2ce&#8230;, puisque nous frappons \u00e0\u00a0\u00a0ta porte, de te manifester \u00e0 nous, Sauveur plein d\u2019amour. Te comprenant mieux, puissions-nous n\u2019avoir d\u2019amour que pour toi, toi seul. Sois, nuit et jour, notre seul d\u00e9sir, notre seule m\u00e9ditation, notre pens\u00e9e continuelle. Daigne r\u00e9pandre en nous assez de ton amour pour que nous aimions Dieu comme il convient. Remplis-nous de ton amour\u2026, pour que nous ne sachions plus rien aimer sinon toi, qui es \u00e9ternel. Alors les grandes eaux du ciel, de la terre et de la mer ne pourront \u00e9teindre en nous une si grande charit\u00e9, selon cette parole du Cantique des cantiques : \u00ab Les grandes eaux n\u2019ont pas pu \u00e9teindre l\u2019amour \u00bb (8,7). Qu\u2019en nous se r\u00e9alise, en partie tout au moins, ce progr\u00e8s de l\u2019amour par ta gr\u00e2ce, Seigneur J\u00e9sus.<\/p>\n<p>Saint Colomban (563-615), moine, fondateur de monast\u00e8res<br \/>\n<i>12e Instruction spirituelle, 2-3 (trad. br\u00e9viaire 28e mar.)<\/i><\/p>\n<p>&nbsp;<\/p>\n<p>&nbsp;<\/p>\n<p>&nbsp;<\/p>\n<p>&nbsp;<\/p>\n","protected":false},"excerpt":{"rendered":"<p>Christ, daigne allumer toi-m\u00eame nos lampes, toi notre Sauveur plein de douceur ; fais-les br\u00fbler sans fin dans ta demeure, et recevoir de toi, lumi\u00e8re \u00e9ternelle, une lumi\u00e8re ind\u00e9fectible. Que ta lumi\u00e8re dissipe nos propres t\u00e9n\u00e8bres, et que par nous elle fasse reculer les t\u00e9n\u00e8bres du monde. Veuille donc, J\u00e9sus, je t\u2019en prie, allumer ma [&hellip;]<\/p>\n","protected":false},"author":2,"featured_media":0,"comment_status":"closed","ping_status":"closed","sticky":false,"template":"","format":"standard","meta":{"footnotes":""},"categories":[3,13,26,28],"tags":[182,220,600,830,1228],"class_list":["post-8859","post","type-post","status-publish","format-standard","hentry","category-liturgique","category-ecritures","category-priere-des-ames","category-saints-et-saintes","tag-cantiques","tag-christ","tag-lumiere","tag-priere","tag-st-colomban"],"_links":{"self":[{"href":"https:\/\/www.associationdemarie.org\/blog\/wp-json\/wp\/v2\/posts\/8859","targetHints":{"allow":["GET"]}}],"collection":[{"href":"https:\/\/www.associationdemarie.org\/blog\/wp-json\/wp\/v2\/posts"}],"about":[{"href":"https:\/\/www.associationdemarie.org\/blog\/wp-json\/wp\/v2\/types\/post"}],"author":[{"embeddable":true,"href":"https:\/\/www.associationdemarie.org\/blog\/wp-json\/wp\/v2\/users\/2"}],"replies":[{"embeddable":true,"href":"https:\/\/www.associationdemarie.org\/blog\/wp-json\/wp\/v2\/comments?post=8859"}],"version-history":[{"count":3,"href":"https:\/\/www.associationdemarie.org\/blog\/wp-json\/wp\/v2\/posts\/8859\/revisions"}],"predecessor-version":[{"id":18398,"href":"https:\/\/www.associationdemarie.org\/blog\/wp-json\/wp\/v2\/posts\/8859\/revisions\/18398"}],"wp:attachment":[{"href":"https:\/\/www.associationdemarie.org\/blog\/wp-json\/wp\/v2\/media?parent=8859"}],"wp:term":[{"taxonomy":"category","embeddable":true,"href":"https:\/\/www.associationdemarie.org\/blog\/wp-json\/wp\/v2\/categories?post=8859"},{"taxonomy":"post_tag","embeddable":true,"href":"https:\/\/www.associationdemarie.org\/blog\/wp-json\/wp\/v2\/tags?post=8859"}],"curies":[{"name":"wp","href":"https:\/\/api.w.org\/{rel}","templated":true}]}}