{"id":8850,"date":"2014-01-24T01:14:35","date_gmt":"2014-01-24T00:14:35","guid":{"rendered":"http:\/\/www.associationdemarie.org\/blog\/?p=8850"},"modified":"2014-01-03T10:21:47","modified_gmt":"2014-01-03T09:21:47","slug":"il-institua-les-douze","status":"publish","type":"post","link":"https:\/\/www.associationdemarie.org\/blog\/il-institua-les-douze\/","title":{"rendered":"\u00ab Il institua les Douze. \u00bb"},"content":{"rendered":"<p><a href=\"https:\/\/www.associationdemarie.org\/blog\/wp-content\/uploads\/2014\/01\/2918833257.png\"><img loading=\"lazy\" decoding=\"async\" class=\"aligncenter size-full wp-image-8851\" alt=\"2918833257\" src=\"https:\/\/www.associationdemarie.org\/blog\/wp-content\/uploads\/2014\/01\/2918833257.png\" width=\"500\" height=\"241\" srcset=\"https:\/\/www.associationdemarie.org\/blog\/wp-content\/uploads\/2014\/01\/2918833257.png 500w, https:\/\/www.associationdemarie.org\/blog\/wp-content\/uploads\/2014\/01\/2918833257-300x144.png 300w\" sizes=\"auto, (max-width: 500px) 100vw, 500px\" \/><\/a><\/p>\n<p>Le Seigneur J\u00e9sus, \u00ab que le P\u00e8re a consacr\u00e9 et envoy\u00e9 dans le monde \u00bb, fait participer tout son Corps mystique \u00e0 l&rsquo;onction de l&rsquo;Esprit qu&rsquo;il a re\u00e7ue : en lui, tous les chr\u00e9tiens deviennent un \u00ab sacerdoce saint et royal \u00bb, \u00ab offrant des sacrifices spirituels \u00e0 Dieu par J\u00e9sus Christ, \u00bb et \u00ab proclament les hauts faits de celui qui les a appel\u00e9s des t\u00e9n\u00e8bres \u00e0 son admirable lumi\u00e8re. \u00bb Il n&rsquo;y a donc aucun membre qui n&rsquo;ait sa part dans la mission du Corps tout entier ; bien au contraire, chacun doit \u00ab sanctifier J\u00e9sus dans son c\u0153ur \u00bb et rendre t\u00e9moignage \u00e0 J\u00e9sus par l&rsquo;esprit de proph\u00e9tie.<\/p>\n<p>Mais le m\u00eame Seigneur, voulant rassembler les chr\u00e9tiens en un seul corps o\u00f9 \u00ab tous les membres n&rsquo;ont pas la m\u00eame fonction \u00bb, a \u00e9tabli parmi eux des ministres qui, dans la communaut\u00e9 des chr\u00e9tiens, seraient investis, par l\u2019ordination, du pouvoir sacr\u00e9 d&rsquo;offrir le sacrifice et de remettre les p\u00e9ch\u00e9s et y exerceraient publiquement pour les hommes au nom du Christ la fonction sacerdotale. C&rsquo;est ainsi que le Christ a envoy\u00e9 ses ap\u00f4tres comme lui-m\u00eame avait \u00e9t\u00e9 envoy\u00e9 par le P\u00e8re ; puis, par les ap\u00f4tres eux-m\u00eames, il a fait participer \u00e0 sa cons\u00e9cration et \u00e0 sa mission les \u00e9v\u00eaques, leurs successeurs. Leur fonction minist\u00e9rielle a \u00e9t\u00e9 transmise ensuite aux pr\u00eatres \u00e0 un degr\u00e9 subordonn\u00e9 ; ceux-ci sont donc \u00e9tablis dans l&rsquo;ordre du presbyt\u00e9rat pour \u00eatre des coop\u00e9rateurs de l&rsquo;ordre \u00e9piscopal dans l&rsquo;accomplissement de la mission apostolique confi\u00e9e par le Christ.<\/p>\n<p>La fonction des pr\u00eatres, en tant qu&rsquo;elle est unie \u00e0 l&rsquo;ordre \u00e9piscopal, participe \u00e0 l&rsquo;autorit\u00e9 par laquelle le Christ lui-m\u00eame construit, sanctifie et gouverne son Corps. C&rsquo;est pourquoi le sacerdoce des pr\u00eatres, s&rsquo;il suppose les sacrements de l&rsquo;initiation de tous les chr\u00e9tiens, est cependant conf\u00e9r\u00e9 par un sacrement particulier qui, par l&rsquo;onction du Saint Esprit, les marque d&rsquo;un caract\u00e8re sp\u00e9cial et les configure au Christ Pr\u00eatre pour les rendre capables d&rsquo;agir au nom du Christ T\u00eate en personne.<\/p>\n<p><span style=\"line-height: 1.5em;\">Concile Vatican II<br \/>\n<i>D\u00e9cret sur le minist\u00e8re et la vie des pr\u00eatres \u00ab Presbyterorum ordinis \u00bb, \u00a7 2<\/i><\/span><\/p>\n<p><span style=\"line-height: 1.5em;\">(R\u00e9f\u00e9rences bibliques : Jn 10,36; Ep 5,30; Mt 3,16; Lc 4,18; 1P 2,5.9; 3,15; Ap 19,10; Rm 12,4; Jn 20,21)<\/span><\/p>\n<p>&nbsp;<\/p>\n<p>&nbsp;<\/p>\n<p>&nbsp;<\/p>\n<p>&nbsp;<\/p>\n","protected":false},"excerpt":{"rendered":"<p>Le Seigneur J\u00e9sus, \u00ab que le P\u00e8re a consacr\u00e9 et envoy\u00e9 dans le monde \u00bb, fait participer tout son Corps mystique \u00e0 l&rsquo;onction de l&rsquo;Esprit qu&rsquo;il a re\u00e7ue : en lui, tous les chr\u00e9tiens deviennent un \u00ab sacerdoce saint et royal \u00bb, \u00ab offrant des sacrifices spirituels \u00e0 Dieu par J\u00e9sus Christ, \u00bb et \u00ab [&hellip;]<\/p>\n","protected":false},"author":2,"featured_media":0,"comment_status":"closed","ping_status":"closed","sticky":false,"template":"","format":"standard","meta":{"footnotes":""},"categories":[3,13,15],"tags":[220,264,1382,336,827,1174],"class_list":["post-8850","post","type-post","status-publish","format-standard","hentry","category-liturgique","category-ecritures","category-histoire","tag-christ","tag-corps-du-christ","tag-ecritures","tag-eglise","tag-pretres","tag-vatican-2"],"_links":{"self":[{"href":"https:\/\/www.associationdemarie.org\/blog\/wp-json\/wp\/v2\/posts\/8850","targetHints":{"allow":["GET"]}}],"collection":[{"href":"https:\/\/www.associationdemarie.org\/blog\/wp-json\/wp\/v2\/posts"}],"about":[{"href":"https:\/\/www.associationdemarie.org\/blog\/wp-json\/wp\/v2\/types\/post"}],"author":[{"embeddable":true,"href":"https:\/\/www.associationdemarie.org\/blog\/wp-json\/wp\/v2\/users\/2"}],"replies":[{"embeddable":true,"href":"https:\/\/www.associationdemarie.org\/blog\/wp-json\/wp\/v2\/comments?post=8850"}],"version-history":[{"count":2,"href":"https:\/\/www.associationdemarie.org\/blog\/wp-json\/wp\/v2\/posts\/8850\/revisions"}],"predecessor-version":[{"id":8853,"href":"https:\/\/www.associationdemarie.org\/blog\/wp-json\/wp\/v2\/posts\/8850\/revisions\/8853"}],"wp:attachment":[{"href":"https:\/\/www.associationdemarie.org\/blog\/wp-json\/wp\/v2\/media?parent=8850"}],"wp:term":[{"taxonomy":"category","embeddable":true,"href":"https:\/\/www.associationdemarie.org\/blog\/wp-json\/wp\/v2\/categories?post=8850"},{"taxonomy":"post_tag","embeddable":true,"href":"https:\/\/www.associationdemarie.org\/blog\/wp-json\/wp\/v2\/tags?post=8850"}],"curies":[{"name":"wp","href":"https:\/\/api.w.org\/{rel}","templated":true}]}}