{"id":8843,"date":"2014-01-22T01:29:19","date_gmt":"2014-01-22T00:29:19","guid":{"rendered":"http:\/\/www.associationdemarie.org\/blog\/?p=8843"},"modified":"2014-01-01T09:41:59","modified_gmt":"2014-01-01T08:41:59","slug":"8843","status":"publish","type":"post","link":"https:\/\/www.associationdemarie.org\/blog\/8843\/","title":{"rendered":""},"content":{"rendered":"<div><a href=\"https:\/\/www.associationdemarie.org\/blog\/wp-content\/uploads\/2014\/01\/vierge-marie-06b.jpg\"><img loading=\"lazy\" decoding=\"async\" class=\"aligncenter size-full wp-image-8844\" alt=\"vierge marie 06b\" src=\"https:\/\/www.associationdemarie.org\/blog\/wp-content\/uploads\/2014\/01\/vierge-marie-06b.jpg\" width=\"348\" height=\"468\" srcset=\"https:\/\/www.associationdemarie.org\/blog\/wp-content\/uploads\/2014\/01\/vierge-marie-06b.jpg 348w, https:\/\/www.associationdemarie.org\/blog\/wp-content\/uploads\/2014\/01\/vierge-marie-06b-223x300.jpg 223w\" sizes=\"auto, (max-width: 348px) 100vw, 348px\" \/><\/a><\/div>\n<div>\u00ab Marie, qui est la m\u00e8re du Christ et aussi notre m\u00e8re, nous ouvre la porte de sa maison, nous aide \u00e0 entrer dans la volont\u00e9 de son Fils.\u00a0<b>C\u2019est la foi, ainsi, qui nous donne une maison en ce monde, qui nous unit en une seule famille et qui nous rend tous fr\u00e8res et s\u0153urs<\/b>\u00a0(\u2026) En contemplant Marie, nous devons nous demander si nous aussi nous voulons \u00eatre ouverts au Seigneur, si nous voulons offrir notre vie pour qu\u2019elle soit une demeure pour Lui ; ou si nous avons peur que la pr\u00e9sence du Seigneur puisse \u00eatre une limite \u00e0 notre libert\u00e9, et si nous voulons nous r\u00e9server une part de notre vie qui n\u2019appartienne qu\u2019\u00e0 nous-m\u00eames. (&#8230;) Tant de difficult\u00e9s que vit notre monde \u00e0 la recherche de la s\u00e9r\u00e9nit\u00e9 et de la paix, les probl\u00e8mes de tant de familles qui regardent l\u2019avenir avec pr\u00e9occupation, les d\u00e9sirs des jeunes qui s\u2019ouvrent \u00e0 la vie, les souffrances de ceux qui attendent des gestes et des choix de solidarit\u00e9 et d\u2019amour. \u00bb<\/div>\n<div><\/div>\n<div><i>Beno\u00eet XVI \u00a0sur\u00a0<\/i><i>Notre-Dame de Lorette<\/i><\/div>\n<div><i>zenit, Marie de Nazareth<\/i><\/div>\n<div><\/div>\n<div><\/div>\n<div><\/div>\n<div><\/div>\n<div><\/div>\n","protected":false},"excerpt":{"rendered":"<p>\u00ab Marie, qui est la m\u00e8re du Christ et aussi notre m\u00e8re, nous ouvre la porte de sa maison, nous aide \u00e0 entrer dans la volont\u00e9 de son Fils.\u00a0C\u2019est la foi, ainsi, qui nous donne une maison en ce monde, qui nous unit en une seule famille et qui nous rend tous fr\u00e8res et s\u0153urs\u00a0(\u2026) [&hellip;]<\/p>\n","protected":false},"author":2,"featured_media":0,"comment_status":"closed","ping_status":"closed","sticky":false,"template":"","format":"standard","meta":{"footnotes":""},"categories":[2,17],"tags":[142,425,613,636,639],"class_list":["post-8843","post","type-post","status-publish","format-standard","hentry","category-actualites","category-maison-de-marie-dardouane","tag-benoit-16","tag-foi","tag-maison","tag-marie","tag-marie-mere-de-jesus"],"_links":{"self":[{"href":"https:\/\/www.associationdemarie.org\/blog\/wp-json\/wp\/v2\/posts\/8843","targetHints":{"allow":["GET"]}}],"collection":[{"href":"https:\/\/www.associationdemarie.org\/blog\/wp-json\/wp\/v2\/posts"}],"about":[{"href":"https:\/\/www.associationdemarie.org\/blog\/wp-json\/wp\/v2\/types\/post"}],"author":[{"embeddable":true,"href":"https:\/\/www.associationdemarie.org\/blog\/wp-json\/wp\/v2\/users\/2"}],"replies":[{"embeddable":true,"href":"https:\/\/www.associationdemarie.org\/blog\/wp-json\/wp\/v2\/comments?post=8843"}],"version-history":[{"count":2,"href":"https:\/\/www.associationdemarie.org\/blog\/wp-json\/wp\/v2\/posts\/8843\/revisions"}],"predecessor-version":[{"id":8846,"href":"https:\/\/www.associationdemarie.org\/blog\/wp-json\/wp\/v2\/posts\/8843\/revisions\/8846"}],"wp:attachment":[{"href":"https:\/\/www.associationdemarie.org\/blog\/wp-json\/wp\/v2\/media?parent=8843"}],"wp:term":[{"taxonomy":"category","embeddable":true,"href":"https:\/\/www.associationdemarie.org\/blog\/wp-json\/wp\/v2\/categories?post=8843"},{"taxonomy":"post_tag","embeddable":true,"href":"https:\/\/www.associationdemarie.org\/blog\/wp-json\/wp\/v2\/tags?post=8843"}],"curies":[{"name":"wp","href":"https:\/\/api.w.org\/{rel}","templated":true}]}}