{"id":8840,"date":"2014-01-21T01:00:34","date_gmt":"2014-01-21T00:00:34","guid":{"rendered":"http:\/\/www.associationdemarie.org\/blog\/?p=8840"},"modified":"2013-12-31T09:12:10","modified_gmt":"2013-12-31T08:12:10","slug":"voila-pourquoi-le-fils-de-lhomme-est-maitre-meme-du-sabbat","status":"publish","type":"post","link":"https:\/\/www.associationdemarie.org\/blog\/voila-pourquoi-le-fils-de-lhomme-est-maitre-meme-du-sabbat\/","title":{"rendered":"\u00ab Voil\u00e0 pourquoi le Fils de l\u2019homme est ma\u00eetre, m\u00eame du sabbat. \u00bb"},"content":{"rendered":"<p><a href=\"https:\/\/www.associationdemarie.org\/blog\/wp-content\/uploads\/2013\/12\/shabbat-1.jpg\"><img loading=\"lazy\" decoding=\"async\" class=\"aligncenter size-medium wp-image-8841\" alt=\"shabbat-1\" src=\"https:\/\/www.associationdemarie.org\/blog\/wp-content\/uploads\/2013\/12\/shabbat-1-203x300.jpg\" width=\"203\" height=\"300\" srcset=\"https:\/\/www.associationdemarie.org\/blog\/wp-content\/uploads\/2013\/12\/shabbat-1-203x300.jpg 203w, https:\/\/www.associationdemarie.org\/blog\/wp-content\/uploads\/2013\/12\/shabbat-1.jpg 651w\" sizes=\"auto, (max-width: 203px) 100vw, 203px\" \/><\/a><\/p>\n<p>\u00ab Le sabbat a \u00e9t\u00e9 fait pour l\u2019homme, et non l\u2019homme pour le sabbat \u00bb\u2026 La loi du sabbat \u00e9tait \u00e0 son d\u00e9but de la plus haute importance : elle apprenait aux juifs \u00e0 \u00eatre doux et pleins d\u2019humanit\u00e9 pour leurs proches ; elle leur enseignait \u00e0 croire en la sagesse et en la providence de Dieu le cr\u00e9ateur\u2026 Quand Dieu leur a donn\u00e9 la loi du sabbat, il leur a fait comprendre qu\u2019il voulait seulement qu\u2019ils s\u2019abstiennent de tout mal : \u00ab Vous ne ferez rien en ce jour, sauf les \u0153uvres qui concernent l\u2019\u00e2me \u00bb (Ex 12,16 LXX). Dans le Temple on travaillait en ce saint jour plus que d\u2019ordinaire\u2026 Ainsi l\u2019ombre de la Loi pr\u00e9parait la lumi\u00e8re de la pleine v\u00e9rit\u00e9 (cf Col 2,17).<\/p>\n<p>Le Christ a-t-il donc aboli une loi si utile ? Pas du tout : il l\u2019a \u00e9tendue plus loin encore\u2026 Il n\u2019\u00e9tait plus n\u00e9cessaire d\u2019enseigner de cette fa\u00e7on que Dieu \u00e9tait le cr\u00e9ateur de tout ce qui existe, ni de les former \u00e0 la douceur envers les autres, puisqu\u2019ils \u00e9taient invit\u00e9s \u00e0 imiter l\u2019amour de Dieu pour les hommes, selon cette parole : \u00ab Soyez mis\u00e9ricordieux, comme votre P\u00e8re aux cieux est mis\u00e9ricordieux \u00bb (Lc 6,36). Il n\u2019\u00e9tait pas n\u00e9cessaire de fixer un jour de f\u00eate \u00e0 ceux qui \u00e9taient invit\u00e9s \u00e0 faire de leur vie enti\u00e8re une f\u00eate : \u00ab C\u00e9l\u00e9brons la f\u00eate, \u00e9crit l\u2019ap\u00f4tre Paul, non pas avec de vieux ferments, la perversit\u00e9 et le vice, mais avec du pain non ferment\u00e9 : la droiture et la v\u00e9rit\u00e9 \u00bb (1Co 5,8)\u2026 Quelle n\u00e9cessit\u00e9 d\u2019une loi du sabbat pour le chr\u00e9tien qui passe sa vie dans une c\u00e9l\u00e9bration continuelle et pense toujours au ciel ? Oui, fr\u00e8res, c\u00e9l\u00e9brons ce sabbat c\u00e9leste et continuel.<\/p>\n<p>Saint Jean Chrysostome (v. 345-407), pr\u00eatre \u00e0 Antioche puis \u00e9v\u00eaque de Constantinople, docteur de l&rsquo;\u00c9glise<br \/>\n<i>Hom\u00e9lies sur l\u2019\u00e9vangile de Matthieu, n\u00b039<\/i><\/p>\n<p>&nbsp;<\/p>\n<p>&nbsp;<\/p>\n<p>&nbsp;<\/p>\n","protected":false},"excerpt":{"rendered":"<p>\u00ab Le sabbat a \u00e9t\u00e9 fait pour l\u2019homme, et non l\u2019homme pour le sabbat \u00bb\u2026 La loi du sabbat \u00e9tait \u00e0 son d\u00e9but de la plus haute importance : elle apprenait aux juifs \u00e0 \u00eatre doux et pleins d\u2019humanit\u00e9 pour leurs proches ; elle leur enseignait \u00e0 croire en la sagesse et en la providence [&hellip;]<\/p>\n","protected":false},"author":2,"featured_media":0,"comment_status":"closed","ping_status":"closed","sticky":false,"template":"","format":"standard","meta":{"footnotes":""},"categories":[3,13,28],"tags":[415,589,678,911,1043,1059],"class_list":["post-8840","post","type-post","status-publish","format-standard","hentry","category-liturgique","category-ecritures","category-saints-et-saintes","tag-fils-de-lhomme","tag-loi","tag-misericorde","tag-sabbat","tag-st-jean-chrysostome","tag-st-matthieu"],"_links":{"self":[{"href":"https:\/\/www.associationdemarie.org\/blog\/wp-json\/wp\/v2\/posts\/8840","targetHints":{"allow":["GET"]}}],"collection":[{"href":"https:\/\/www.associationdemarie.org\/blog\/wp-json\/wp\/v2\/posts"}],"about":[{"href":"https:\/\/www.associationdemarie.org\/blog\/wp-json\/wp\/v2\/types\/post"}],"author":[{"embeddable":true,"href":"https:\/\/www.associationdemarie.org\/blog\/wp-json\/wp\/v2\/users\/2"}],"replies":[{"embeddable":true,"href":"https:\/\/www.associationdemarie.org\/blog\/wp-json\/wp\/v2\/comments?post=8840"}],"version-history":[{"count":1,"href":"https:\/\/www.associationdemarie.org\/blog\/wp-json\/wp\/v2\/posts\/8840\/revisions"}],"predecessor-version":[{"id":8842,"href":"https:\/\/www.associationdemarie.org\/blog\/wp-json\/wp\/v2\/posts\/8840\/revisions\/8842"}],"wp:attachment":[{"href":"https:\/\/www.associationdemarie.org\/blog\/wp-json\/wp\/v2\/media?parent=8840"}],"wp:term":[{"taxonomy":"category","embeddable":true,"href":"https:\/\/www.associationdemarie.org\/blog\/wp-json\/wp\/v2\/categories?post=8840"},{"taxonomy":"post_tag","embeddable":true,"href":"https:\/\/www.associationdemarie.org\/blog\/wp-json\/wp\/v2\/tags?post=8840"}],"curies":[{"name":"wp","href":"https:\/\/api.w.org\/{rel}","templated":true}]}}