{"id":883,"date":"2010-04-07T11:08:47","date_gmt":"2010-04-07T11:08:47","guid":{"rendered":"http:\/\/preprod.meltem-int.com\/marie\/blog\/?p=883"},"modified":"2010-04-07T11:08:47","modified_gmt":"2010-04-07T11:08:47","slug":"emmaus-2","status":"publish","type":"post","link":"https:\/\/www.associationdemarie.org\/blog\/emmaus-2\/","title":{"rendered":"Emma\u00fcs"},"content":{"rendered":"<figure id=\"attachment_884\" aria-describedby=\"caption-attachment-884\" style=\"width: 251px\" class=\"wp-caption alignleft\"><a href=\"https:\/\/www.associationdemarie.org\/blog\/wp-content\/uploads\/2010\/04\/arcabas02.jpg\"><img loading=\"lazy\" decoding=\"async\" class=\"size-medium wp-image-884\" title=\"arcabas02\" src=\"https:\/\/www.associationdemarie.org\/blog\/wp-content\/uploads\/2010\/04\/arcabas02-251x300.jpg\" alt=\"\" width=\"251\" height=\"300\" srcset=\"https:\/\/www.associationdemarie.org\/blog\/wp-content\/uploads\/2010\/04\/arcabas02-251x300.jpg 251w, https:\/\/www.associationdemarie.org\/blog\/wp-content\/uploads\/2010\/04\/arcabas02.jpg 475w\" sizes=\"auto, (max-width: 251px) 100vw, 251px\" \/><\/a><figcaption id=\"caption-attachment-884\" class=\"wp-caption-text\">Arcabas - Emma\u00fcs<\/figcaption><\/figure>\n<p><strong>Evangile selon St Luc, ch. 24, 30-35<\/strong><\/p>\n<p>Quand ils approch\u00e8rent du village o\u00f9 ils se rendaient, J\u00e9sus fit semblant d&rsquo;aller plus loin. Mais ils s&rsquo;efforc\u00e8rent de le retenir : \u00ab Reste avec nous : le soir approche et d\u00e9j\u00e0 le jour baisse. \u00bb Il entra donc pour rester avec eux. Quand il fut \u00e0 table avec eux, il prit le pain, dit la b\u00e9n\u00e9diction, le rompit et le leur donna. Alors leurs yeux s&rsquo;ouvrirent, et ils le reconnurent, mais il disparut \u00e0 leurs regards. Alors ils se dirent l&rsquo;un \u00e0 l&rsquo;autre : \u00ab Notre coeur n&rsquo;\u00e9tait-il pas br\u00fblant en nous, tandis qu&rsquo;il nous parlait sur la route, et qu&rsquo;il nous faisait comprendre les \u00c9critures ? \u00bb A l&rsquo;instant m\u00eame, ils se lev\u00e8rent et retourn\u00e8rent \u00e0 J\u00e9rusalem. Ils y trouv\u00e8rent r\u00e9unis les onze Ap\u00f4tres et leurs compagnons, qui leur dirent : \u00ab C&rsquo;est vrai ! le Seigneur est ressuscit\u00e9 : il est apparu \u00e0 Simon-Pierre. \u00bb A leur tour, ils racontaient ce qui s&rsquo;\u00e9tait pass\u00e9 sur la route, et comment ils l&rsquo;avaient reconnu quand il avait rompu le pain.<\/p>\n","protected":false},"excerpt":{"rendered":"<p>Evangile selon St Luc, ch. 24, 30-35 Quand ils approch\u00e8rent du village o\u00f9 ils se rendaient, J\u00e9sus fit semblant d&rsquo;aller plus loin. Mais ils s&rsquo;efforc\u00e8rent de le retenir : \u00ab Reste avec nous : le soir approche et d\u00e9j\u00e0 le jour baisse. \u00bb Il entra donc pour rester avec eux. Quand il fut \u00e0 table [&hellip;]<\/p>\n","protected":false},"author":2,"featured_media":0,"comment_status":"closed","ping_status":"closed","sticky":false,"template":"","format":"standard","meta":{"footnotes":""},"categories":[3,4,8,13],"tags":[347,535,788,890],"class_list":["post-883","post","type-post","status-publish","format-standard","hentry","category-liturgique","category-iconographie","category-careme-2010","category-ecritures","tag-emmaus","tag-jesus","tag-pelerin","tag-ressucite"],"_links":{"self":[{"href":"https:\/\/www.associationdemarie.org\/blog\/wp-json\/wp\/v2\/posts\/883","targetHints":{"allow":["GET"]}}],"collection":[{"href":"https:\/\/www.associationdemarie.org\/blog\/wp-json\/wp\/v2\/posts"}],"about":[{"href":"https:\/\/www.associationdemarie.org\/blog\/wp-json\/wp\/v2\/types\/post"}],"author":[{"embeddable":true,"href":"https:\/\/www.associationdemarie.org\/blog\/wp-json\/wp\/v2\/users\/2"}],"replies":[{"embeddable":true,"href":"https:\/\/www.associationdemarie.org\/blog\/wp-json\/wp\/v2\/comments?post=883"}],"version-history":[{"count":0,"href":"https:\/\/www.associationdemarie.org\/blog\/wp-json\/wp\/v2\/posts\/883\/revisions"}],"wp:attachment":[{"href":"https:\/\/www.associationdemarie.org\/blog\/wp-json\/wp\/v2\/media?parent=883"}],"wp:term":[{"taxonomy":"category","embeddable":true,"href":"https:\/\/www.associationdemarie.org\/blog\/wp-json\/wp\/v2\/categories?post=883"},{"taxonomy":"post_tag","embeddable":true,"href":"https:\/\/www.associationdemarie.org\/blog\/wp-json\/wp\/v2\/tags?post=883"}],"curies":[{"name":"wp","href":"https:\/\/api.w.org\/{rel}","templated":true}]}}