{"id":8821,"date":"2014-01-17T01:46:24","date_gmt":"2014-01-17T00:46:24","guid":{"rendered":"http:\/\/www.associationdemarie.org\/blog\/?p=8821"},"modified":"2013-12-27T08:50:53","modified_gmt":"2013-12-27T07:50:53","slug":"voyant-leur-foi-jesus-dit-au-paralyse-mon-fils-tes-peches-sont-pardonnes","status":"publish","type":"post","link":"https:\/\/www.associationdemarie.org\/blog\/voyant-leur-foi-jesus-dit-au-paralyse-mon-fils-tes-peches-sont-pardonnes\/","title":{"rendered":"\u00ab Voyant leur foi, J\u00e9sus dit au paralys\u00e9 : \u2018 Mon fils, tes p\u00e9ch\u00e9s sont pardonn\u00e9s \u2019. \u00bb"},"content":{"rendered":"<p><a href=\"https:\/\/www.associationdemarie.org\/blog\/wp-content\/uploads\/2013\/12\/Ste-Sophie.jpg\"><img loading=\"lazy\" decoding=\"async\" class=\"alignleft size-full wp-image-8822\" alt=\"Ste Sophie\" src=\"https:\/\/www.associationdemarie.org\/blog\/wp-content\/uploads\/2013\/12\/Ste-Sophie.jpg\" width=\"180\" height=\"212\" \/><\/a>La souffrance nous rappelle que le service rendu par la foi au bien commun est toujours service d\u2019esp\u00e9rance, qui regarde en avant, sachant que c\u2019est seulement de Dieu, de l\u2019avenir qui vient de J\u00e9sus ressuscit\u00e9, que notre soci\u00e9t\u00e9 peut trouver ses fondements solides et durables. En ce sens, la foi est reli\u00e9e \u00e0 l\u2019esp\u00e9rance parce que, \u00ab m\u00eame si notre demeure terrestre, notre corps, vient \u00e0 \u00eatre d\u00e9truite \u00bb, nous avons \u00ab une demeure \u00e9ternelle \u00bb que Dieu a d\u00e9sormais inaugur\u00e9e dans le Christ, dans son corps (2Co 4,16s). Le dynamisme de la foi, de l\u2019esp\u00e9rance et de la charit\u00e9 nous fait ainsi embrasser les pr\u00e9occupations de tous les hommes, dans notre marche vers \u00ab cette ville, dont Dieu est l\u2019architecte et le b\u00e2tisseur \u00bb (He 11,10), parce que \u00ab l\u2019esp\u00e9rance ne d\u00e9\u00e7oit pas \u00bb ( Rm 5,5).<\/p>\n<p>Dans l\u2019unit\u00e9 avec la foi et la charit\u00e9, l\u2019esp\u00e9rance nous projette vers un avenir certain, qui se situe dans une perspective diff\u00e9rente des propositions illusoires des idoles du monde, mais qui donne un nouvel \u00e9lan et de nouvelles forces \u00e0 la vie quotidienne. Ne nous faisons pas voler l\u2019esp\u00e9rance, ne permettons pas qu\u2019elle soit rendue vaine par des solutions et des propositions imm\u00e9diates qui nous arr\u00eatent sur le chemin, qui \u00ab fragmentent \u00bb le temps, le transformant en moments ; c\u2019est le temps qui gouverne les moments, qui les \u00e9claire et les transforme en maillons d\u2019une cha\u00eene, d\u2019un processus. L\u2019espace fossilise le cours des choses, le temps projette au contraire vers l\u2019avenir et incite \u00e0 marcher avec esp\u00e9rance.<\/p>\n<p>Pape Fran\u00e7ois<br \/>\n<i>Encyclique \u00ab Lumen fidei \/ La Lumi\u00e8re de la foi \u00bb, \u00a7 57 (trad. \u00a9 Libreria Editrice Vaticana)<\/i><\/p>\n<p>&nbsp;<\/p>\n<p>&nbsp;<\/p>\n<p>&nbsp;<\/p>\n<p>&nbsp;<\/p>\n","protected":false},"excerpt":{"rendered":"<p>La souffrance nous rappelle que le service rendu par la foi au bien commun est toujours service d\u2019esp\u00e9rance, qui regarde en avant, sachant que c\u2019est seulement de Dieu, de l\u2019avenir qui vient de J\u00e9sus ressuscit\u00e9, que notre soci\u00e9t\u00e9 peut trouver ses fondements solides et durables. En ce sens, la foi est reli\u00e9e \u00e0 l\u2019esp\u00e9rance parce [&hellip;]<\/p>\n","protected":false},"author":2,"featured_media":0,"comment_status":"closed","ping_status":"closed","sticky":false,"template":"","format":"standard","meta":{"footnotes":""},"categories":[3,4,13],"tags":[203,1382,375,425,761],"class_list":["post-8821","post","type-post","status-publish","format-standard","hentry","category-liturgique","category-iconographie","category-ecritures","tag-charite","tag-ecritures","tag-esperance","tag-foi","tag-pape-francois"],"_links":{"self":[{"href":"https:\/\/www.associationdemarie.org\/blog\/wp-json\/wp\/v2\/posts\/8821","targetHints":{"allow":["GET"]}}],"collection":[{"href":"https:\/\/www.associationdemarie.org\/blog\/wp-json\/wp\/v2\/posts"}],"about":[{"href":"https:\/\/www.associationdemarie.org\/blog\/wp-json\/wp\/v2\/types\/post"}],"author":[{"embeddable":true,"href":"https:\/\/www.associationdemarie.org\/blog\/wp-json\/wp\/v2\/users\/2"}],"replies":[{"embeddable":true,"href":"https:\/\/www.associationdemarie.org\/blog\/wp-json\/wp\/v2\/comments?post=8821"}],"version-history":[{"count":1,"href":"https:\/\/www.associationdemarie.org\/blog\/wp-json\/wp\/v2\/posts\/8821\/revisions"}],"predecessor-version":[{"id":8823,"href":"https:\/\/www.associationdemarie.org\/blog\/wp-json\/wp\/v2\/posts\/8821\/revisions\/8823"}],"wp:attachment":[{"href":"https:\/\/www.associationdemarie.org\/blog\/wp-json\/wp\/v2\/media?parent=8821"}],"wp:term":[{"taxonomy":"category","embeddable":true,"href":"https:\/\/www.associationdemarie.org\/blog\/wp-json\/wp\/v2\/categories?post=8821"},{"taxonomy":"post_tag","embeddable":true,"href":"https:\/\/www.associationdemarie.org\/blog\/wp-json\/wp\/v2\/tags?post=8821"}],"curies":[{"name":"wp","href":"https:\/\/api.w.org\/{rel}","templated":true}]}}