{"id":8816,"date":"2014-01-16T01:32:26","date_gmt":"2014-01-16T00:32:26","guid":{"rendered":"http:\/\/www.associationdemarie.org\/blog\/?p=8816"},"modified":"2013-12-26T07:38:47","modified_gmt":"2013-12-26T06:38:47","slug":"la-foi-une-force-de-consolation-dans-la-souffrance","status":"publish","type":"post","link":"https:\/\/www.associationdemarie.org\/blog\/la-foi-une-force-de-consolation-dans-la-souffrance\/","title":{"rendered":"La foi, une force de consolation dans la souffrance"},"content":{"rendered":"<p><a href=\"https:\/\/www.associationdemarie.org\/blog\/wp-content\/uploads\/2013\/12\/lumi\u00e8re-de-la-foi.jpg\"><img loading=\"lazy\" decoding=\"async\" class=\"wp-image-8817 alignright\" alt=\"lumi\u00e8re de la foi\" src=\"https:\/\/www.associationdemarie.org\/blog\/wp-content\/uploads\/2013\/12\/lumi\u00e8re-de-la-foi-300x300.jpg\" width=\"210\" height=\"210\" srcset=\"https:\/\/www.associationdemarie.org\/blog\/wp-content\/uploads\/2013\/12\/lumi\u00e8re-de-la-foi-300x300.jpg 300w, https:\/\/www.associationdemarie.org\/blog\/wp-content\/uploads\/2013\/12\/lumi\u00e8re-de-la-foi-150x150.jpg 150w, https:\/\/www.associationdemarie.org\/blog\/wp-content\/uploads\/2013\/12\/lumi\u00e8re-de-la-foi.jpg 350w\" sizes=\"auto, (max-width: 210px) 100vw, 210px\" \/><\/a>Le chr\u00e9tien sait que la souffrance ne peut pas \u00eatre \u00e9limin\u00e9e, mais qu\u2019elle peut recevoir un sens, devenir acte d\u2019amour, confiance entre les mains de Dieu qui ne nous abandonne pas et, de cette mani\u00e8re, \u00eatre une \u00e9tape de croissance de la foi et de l\u2019amour\u2026 La lumi\u00e8re de la foi ne nous fait pas oublier les souffrances du monde. Pour combien d\u2019hommes et de femmes de foi, les personnes qui souffrent ont \u00e9t\u00e9 des m\u00e9diatrices de lumi\u00e8re ! Ainsi le l\u00e9preux pour saint Fran\u00e7ois d\u2019Assise, ou pour la Bienheureuse M\u00e8re Teresa de Calcutta, ses pauvres. Ils ont compris le myst\u00e8re qui est en eux. En s\u2019approchant d\u2019eux, ils n\u2019ont certes pas effac\u00e9 toutes leurs souffrances, ni n\u2019ont pu leur expliquer tout le mal. La foi n\u2019est pas une lumi\u00e8re qui dissiperait toutes nos t\u00e9n\u00e8bres, mais la lampe qui guide nos pas dans la nuit, et cela suffit pour le chemin.<\/p>\n<p>\u00c0 l\u2019homme qui souffre, Dieu ne donne pas un raisonnement qui explique tout, mais il offre sa r\u00e9ponse sous la forme d\u2019une pr\u00e9sence qui accompagne, d\u2019une histoire de bien qui s\u2019unit \u00e0 chaque histoire de souffrance pour ouvrir en elle une trou\u00e9e de lumi\u00e8re. Dans le Christ, Dieu a voulu partager avec nous cette route et nous offrir son regard pour y voir la lumi\u00e8re. Le Christ est celui qui, en ayant support\u00e9 la souffrance, \u00ab est l\u2019origine de notre foi et la porte \u00e0 la perfection \u00bb (He 12,2).<\/p>\n<p>Pape Fran\u00e7ois<br \/>\n<i>Encyclique \u00ab Lumen fidei \/ La Lumi\u00e8re de la foi \u00bb, \u00a7 56-57 (trad. \u00a9 Libreria Editrice Vaticana)<\/i><\/p>\n<p>&nbsp;<\/p>\n<p>&nbsp;<\/p>\n<p>&nbsp;<\/p>\n<p>&nbsp;<\/p>\n","protected":false},"excerpt":{"rendered":"<p>Le chr\u00e9tien sait que la souffrance ne peut pas \u00eatre \u00e9limin\u00e9e, mais qu\u2019elle peut recevoir un sens, devenir acte d\u2019amour, confiance entre les mains de Dieu qui ne nous abandonne pas et, de cette mani\u00e8re, \u00eatre une \u00e9tape de croissance de la foi et de l\u2019amour\u2026 La lumi\u00e8re de la foi ne nous fait pas [&hellip;]<\/p>\n","protected":false},"author":2,"featured_media":0,"comment_status":"closed","ping_status":"closed","sticky":false,"template":"","format":"standard","meta":{"footnotes":""},"categories":[3,13],"tags":[74,220,425,600,761,1030],"class_list":["post-8816","post","type-post","status-publish","format-standard","hentry","category-liturgique","category-ecritures","tag-annee-de-la-foi","tag-christ","tag-foi","tag-lumiere","tag-pape-francois","tag-st-francois-dassise"],"_links":{"self":[{"href":"https:\/\/www.associationdemarie.org\/blog\/wp-json\/wp\/v2\/posts\/8816","targetHints":{"allow":["GET"]}}],"collection":[{"href":"https:\/\/www.associationdemarie.org\/blog\/wp-json\/wp\/v2\/posts"}],"about":[{"href":"https:\/\/www.associationdemarie.org\/blog\/wp-json\/wp\/v2\/types\/post"}],"author":[{"embeddable":true,"href":"https:\/\/www.associationdemarie.org\/blog\/wp-json\/wp\/v2\/users\/2"}],"replies":[{"embeddable":true,"href":"https:\/\/www.associationdemarie.org\/blog\/wp-json\/wp\/v2\/comments?post=8816"}],"version-history":[{"count":3,"href":"https:\/\/www.associationdemarie.org\/blog\/wp-json\/wp\/v2\/posts\/8816\/revisions"}],"predecessor-version":[{"id":8820,"href":"https:\/\/www.associationdemarie.org\/blog\/wp-json\/wp\/v2\/posts\/8816\/revisions\/8820"}],"wp:attachment":[{"href":"https:\/\/www.associationdemarie.org\/blog\/wp-json\/wp\/v2\/media?parent=8816"}],"wp:term":[{"taxonomy":"category","embeddable":true,"href":"https:\/\/www.associationdemarie.org\/blog\/wp-json\/wp\/v2\/categories?post=8816"},{"taxonomy":"post_tag","embeddable":true,"href":"https:\/\/www.associationdemarie.org\/blog\/wp-json\/wp\/v2\/tags?post=8816"}],"curies":[{"name":"wp","href":"https:\/\/api.w.org\/{rel}","templated":true}]}}