{"id":8799,"date":"2013-12-24T11:46:04","date_gmt":"2013-12-24T10:46:04","guid":{"rendered":"http:\/\/www.associationdemarie.org\/blog\/?p=8799"},"modified":"2013-12-24T11:46:04","modified_gmt":"2013-12-24T10:46:04","slug":"message-de-decembre-2013","status":"publish","type":"post","link":"https:\/\/www.associationdemarie.org\/blog\/message-de-decembre-2013\/","title":{"rendered":"Message de d\u00e9cembre 2013"},"content":{"rendered":"<div title=\"Page 3\">\n<div>\n<div>\n<div>\n<p><a href=\"https:\/\/www.associationdemarie.org\/blog\/wp-content\/uploads\/2013\/12\/image.php_.jpeg\"><img loading=\"lazy\" decoding=\"async\" class=\"alignright  wp-image-8800\" alt=\"image.php\" src=\"https:\/\/www.associationdemarie.org\/blog\/wp-content\/uploads\/2013\/12\/image.php_.jpeg\" width=\"210\" height=\"126\" \/><\/a>Mes enfants, No\u00ebl pour vous est une f\u00eate familiale et de cadeaux. Je vous demande, cette ann\u00e9e, de faire de cette f\u00eate, un moment de pri\u00e8re pour la Trinit\u00e9 et moi-m\u00eame, pour tous les saints, tous les parents et amis qui sont partis et qui sont aupr\u00e8s de nous. Je vous demande de garder un quart d&rsquo;heure pour prier. Apportez aussi cette pri\u00e8re \u00e0 vos enfants et petits-enfants qui grandissent, qu\u2019ils puissent grandir dans l&rsquo;Amour et la Paix. Je vous demande de garder le sourire et d&rsquo;applaudir \u00e0 toute innovation de ces enfants qui, avec le sourire, apportent l&rsquo;amour \u00e0 tous. Soyez \u00e9bahis. Soyez conciliants avec tous.<\/p>\n<p>Mes enfants, je vous aime et je vous apporte l&rsquo;amour d&rsquo;une m\u00e8re qui a tant besoin de vous, qui a tant besoin de votre support terrestre pour permettre aux \u00eatres humains d&rsquo;avancer, de se confondre dans l&rsquo;amour du Seigneur, du P\u00e8re Eternel.<\/p>\n<p>Marie M\u00e8re des hommes<\/p>\n<p>&nbsp;<\/p>\n<p>&nbsp;<\/p>\n<p>&nbsp;<\/p>\n<p>&nbsp;<\/p>\n<\/div>\n<\/div>\n<\/div>\n<\/div>\n","protected":false},"excerpt":{"rendered":"<p>Mes enfants, No\u00ebl pour vous est une f\u00eate familiale et de cadeaux. Je vous demande, cette ann\u00e9e, de faire de cette f\u00eate, un moment de pri\u00e8re pour la Trinit\u00e9 et moi-m\u00eame, pour tous les saints, tous les parents et amis qui sont partis et qui sont aupr\u00e8s de nous. Je vous demande de garder un [&hellip;]<\/p>\n","protected":false},"author":2,"featured_media":0,"comment_status":"closed","ping_status":"closed","sticky":false,"template":"","format":"standard","meta":{"footnotes":""},"categories":[2,19],"tags":[65,354,640,715,830],"class_list":["post-8799","post","type-post","status-publish","format-standard","hentry","category-actualites","category-messages","tag-amour-et-paix","tag-enfants","tag-marie-mere-des-hommes","tag-noel","tag-priere"],"_links":{"self":[{"href":"https:\/\/www.associationdemarie.org\/blog\/wp-json\/wp\/v2\/posts\/8799","targetHints":{"allow":["GET"]}}],"collection":[{"href":"https:\/\/www.associationdemarie.org\/blog\/wp-json\/wp\/v2\/posts"}],"about":[{"href":"https:\/\/www.associationdemarie.org\/blog\/wp-json\/wp\/v2\/types\/post"}],"author":[{"embeddable":true,"href":"https:\/\/www.associationdemarie.org\/blog\/wp-json\/wp\/v2\/users\/2"}],"replies":[{"embeddable":true,"href":"https:\/\/www.associationdemarie.org\/blog\/wp-json\/wp\/v2\/comments?post=8799"}],"version-history":[{"count":2,"href":"https:\/\/www.associationdemarie.org\/blog\/wp-json\/wp\/v2\/posts\/8799\/revisions"}],"predecessor-version":[{"id":8802,"href":"https:\/\/www.associationdemarie.org\/blog\/wp-json\/wp\/v2\/posts\/8799\/revisions\/8802"}],"wp:attachment":[{"href":"https:\/\/www.associationdemarie.org\/blog\/wp-json\/wp\/v2\/media?parent=8799"}],"wp:term":[{"taxonomy":"category","embeddable":true,"href":"https:\/\/www.associationdemarie.org\/blog\/wp-json\/wp\/v2\/categories?post=8799"},{"taxonomy":"post_tag","embeddable":true,"href":"https:\/\/www.associationdemarie.org\/blog\/wp-json\/wp\/v2\/tags?post=8799"}],"curies":[{"name":"wp","href":"https:\/\/api.w.org\/{rel}","templated":true}]}}