{"id":8779,"date":"2013-12-31T01:52:36","date_gmt":"2013-12-31T00:52:36","guid":{"rendered":"http:\/\/www.associationdemarie.org\/blog\/?p=8779"},"modified":"2013-12-22T15:56:48","modified_gmt":"2013-12-22T14:56:48","slug":"intentions-de-priere-du-saint-pere","status":"publish","type":"post","link":"https:\/\/www.associationdemarie.org\/blog\/intentions-de-priere-du-saint-pere\/","title":{"rendered":"Intentions de pri\u00e8re du Saint-P\u00e8re"},"content":{"rendered":"<p>JANVIER<\/p>\n<p><strong>Universelle &#8211; Le d\u00e9veloppement \u00e9conomique<\/strong><br \/>\nPour que soit promu un authentique d\u00e9veloppement \u00e9conomique, respectueux de la dignit\u00e9 de tous les hommes et de tous les peuples.<\/p>\n<p><strong>Pour l&rsquo;\u00e9vang\u00e9lisation &#8211; L&rsquo;unit\u00e9 des chr\u00e9tiens<\/strong><br \/>\nPour que les chr\u00e9tiens des diverses confessions puissent cheminer vers l&rsquo;unit\u00e9 voulue par le Christ.<\/p>\n<p><a href=\"https:\/\/www.associationdemarie.org\/blog\/wp-content\/uploads\/2013\/12\/timepapefrancois.jpg\"><img loading=\"lazy\" decoding=\"async\" class=\"aligncenter size-medium wp-image-8780\" alt=\"timepapefrancois\" src=\"https:\/\/www.associationdemarie.org\/blog\/wp-content\/uploads\/2013\/12\/timepapefrancois-300x171.jpg\" width=\"300\" height=\"171\" srcset=\"https:\/\/www.associationdemarie.org\/blog\/wp-content\/uploads\/2013\/12\/timepapefrancois-300x171.jpg 300w, https:\/\/www.associationdemarie.org\/blog\/wp-content\/uploads\/2013\/12\/timepapefrancois.jpg 778w\" sizes=\"auto, (max-width: 300px) 100vw, 300px\" \/><\/a><\/p>\n<p>&nbsp;<\/p>\n<p>&nbsp;<\/p>\n<p>&nbsp;<\/p>\n<p>&nbsp;<\/p>\n","protected":false},"excerpt":{"rendered":"<p>JANVIER Universelle &#8211; Le d\u00e9veloppement \u00e9conomique Pour que soit promu un authentique d\u00e9veloppement \u00e9conomique, respectueux de la dignit\u00e9 de tous les hommes et de tous les peuples. Pour l&rsquo;\u00e9vang\u00e9lisation &#8211; L&rsquo;unit\u00e9 des chr\u00e9tiens Pour que les chr\u00e9tiens des diverses confessions puissent cheminer vers l&rsquo;unit\u00e9 voulue par le Christ. &nbsp; &nbsp; &nbsp; &nbsp;<\/p>\n","protected":false},"author":2,"featured_media":0,"comment_status":"closed","ping_status":"closed","sticky":false,"template":"","format":"standard","meta":{"footnotes":""},"categories":[2,14],"tags":[387,505,761,1169],"class_list":["post-8779","post","type-post","status-publish","format-standard","hentry","category-actualites","category-groupe-prieres","tag-evangelisation","tag-intentions-de-prieres","tag-pape-francois","tag-unite-des-chretiens"],"_links":{"self":[{"href":"https:\/\/www.associationdemarie.org\/blog\/wp-json\/wp\/v2\/posts\/8779","targetHints":{"allow":["GET"]}}],"collection":[{"href":"https:\/\/www.associationdemarie.org\/blog\/wp-json\/wp\/v2\/posts"}],"about":[{"href":"https:\/\/www.associationdemarie.org\/blog\/wp-json\/wp\/v2\/types\/post"}],"author":[{"embeddable":true,"href":"https:\/\/www.associationdemarie.org\/blog\/wp-json\/wp\/v2\/users\/2"}],"replies":[{"embeddable":true,"href":"https:\/\/www.associationdemarie.org\/blog\/wp-json\/wp\/v2\/comments?post=8779"}],"version-history":[{"count":1,"href":"https:\/\/www.associationdemarie.org\/blog\/wp-json\/wp\/v2\/posts\/8779\/revisions"}],"predecessor-version":[{"id":8781,"href":"https:\/\/www.associationdemarie.org\/blog\/wp-json\/wp\/v2\/posts\/8779\/revisions\/8781"}],"wp:attachment":[{"href":"https:\/\/www.associationdemarie.org\/blog\/wp-json\/wp\/v2\/media?parent=8779"}],"wp:term":[{"taxonomy":"category","embeddable":true,"href":"https:\/\/www.associationdemarie.org\/blog\/wp-json\/wp\/v2\/categories?post=8779"},{"taxonomy":"post_tag","embeddable":true,"href":"https:\/\/www.associationdemarie.org\/blog\/wp-json\/wp\/v2\/tags?post=8779"}],"curies":[{"name":"wp","href":"https:\/\/api.w.org\/{rel}","templated":true}]}}