{"id":8774,"date":"2014-01-13T01:39:50","date_gmt":"2014-01-13T00:39:50","guid":{"rendered":"http:\/\/www.associationdemarie.org\/blog\/?p=8774"},"modified":"2013-12-22T09:47:49","modified_gmt":"2013-12-22T08:47:49","slug":"prochaine-rencontre-22","status":"publish","type":"post","link":"https:\/\/www.associationdemarie.org\/blog\/prochaine-rencontre-22\/","title":{"rendered":"Prochaine rencontre"},"content":{"rendered":"<p><i><strong>Dimanche 19 janvier :<\/strong> A S\u00e8te<\/i><\/p>\n<p><i>Pour ceux qui le veulent et le peuvent, nous assisterons \u00e0 la messe de 11h en l\u2019Eglise Ste\u00a0<\/i><i>Th\u00e9r\u00e8se (6, rue du clair matin), avant de nous retrouver pour le pique-nique et le chapelet en la\u00a0<\/i><i>salle paroissiale attenante.<\/i><\/p>\n<p><i><a href=\"https:\/\/www.associationdemarie.org\/blog\/wp-content\/uploads\/2013\/12\/1kgx0p9l.gif\"><img loading=\"lazy\" decoding=\"async\" class=\"alignleft  wp-image-8775\" alt=\"1kgx0p9l\" src=\"https:\/\/www.associationdemarie.org\/blog\/wp-content\/uploads\/2013\/12\/1kgx0p9l-215x300.gif\" width=\"151\" height=\"210\" \/><\/a><\/i><\/p>\n<p>\u00ab\u00a0Je vous demande aujourd&rsquo;hui d&rsquo;avoir dans la pri\u00e8re que vous faites une pens\u00e9e personnelle pour vous. La pri\u00e8re\u00a0pour autrui est magnifique, mais de temps en temps, vous avez besoin d&rsquo;une pri\u00e8re pour vous-m\u00eames, pour\u00a0assouplir votre, certaines fois, intransigeance de l&rsquo;esprit, mais surtout pour apporter l&rsquo;amour \u00e0 votre esprit, \u00e0 votre\u00a0coeur et pour vous permettre de voir la vie avec s\u00e9r\u00e9nit\u00e9 et compassion pour autrui. La compassion pour autrui\u00a0passe aussi par l&rsquo;aide. Voil\u00e0, soyez en ces temps l&rsquo;amour et l&rsquo;aide pour tous ceux qui souffrent de l&rsquo;habitat ou de la\u00a0nourriture ou du froid, de toutes les valeurs qui, \u00e0 l&rsquo;heure actuelle, manquent \u00e0 certaines personnes. Priez pour tous\u00a0ceux qui font la guerre pour des raisons futiles pour vouloir faire agr\u00e9er leur politique. Priez pour tous.\u00a0\u00bb<\/p>\n<p>Marie M\u00e8re des hommes &#8211; d\u00e9cembre 2013<\/p>\n<p>&nbsp;<\/p>\n<p>&nbsp;<\/p>\n<p>&nbsp;<\/p>\n<p>&nbsp;<\/p>\n<p><i>\u00a0<\/i><\/p>\n","protected":false},"excerpt":{"rendered":"<p>Dimanche 19 janvier : A S\u00e8te Pour ceux qui le veulent et le peuvent, nous assisterons \u00e0 la messe de 11h en l\u2019Eglise Ste\u00a0Th\u00e9r\u00e8se (6, rue du clair matin), avant de nous retrouver pour le pique-nique et le chapelet en la\u00a0salle paroissiale attenante. \u00ab\u00a0Je vous demande aujourd&rsquo;hui d&rsquo;avoir dans la pri\u00e8re que vous faites une [&hellip;]<\/p>\n","protected":false},"author":2,"featured_media":0,"comment_status":"closed","ping_status":"closed","sticky":false,"template":"","format":"standard","meta":{"footnotes":""},"categories":[2,14,19],"tags":[39,464,640,880],"class_list":["post-8774","post","type-post","status-publish","format-standard","hentry","category-actualites","category-groupe-prieres","category-messages","tag-actualite","tag-groupe-de-priere","tag-marie-mere-des-hommes","tag-rencontre"],"_links":{"self":[{"href":"https:\/\/www.associationdemarie.org\/blog\/wp-json\/wp\/v2\/posts\/8774","targetHints":{"allow":["GET"]}}],"collection":[{"href":"https:\/\/www.associationdemarie.org\/blog\/wp-json\/wp\/v2\/posts"}],"about":[{"href":"https:\/\/www.associationdemarie.org\/blog\/wp-json\/wp\/v2\/types\/post"}],"author":[{"embeddable":true,"href":"https:\/\/www.associationdemarie.org\/blog\/wp-json\/wp\/v2\/users\/2"}],"replies":[{"embeddable":true,"href":"https:\/\/www.associationdemarie.org\/blog\/wp-json\/wp\/v2\/comments?post=8774"}],"version-history":[{"count":3,"href":"https:\/\/www.associationdemarie.org\/blog\/wp-json\/wp\/v2\/posts\/8774\/revisions"}],"predecessor-version":[{"id":8778,"href":"https:\/\/www.associationdemarie.org\/blog\/wp-json\/wp\/v2\/posts\/8774\/revisions\/8778"}],"wp:attachment":[{"href":"https:\/\/www.associationdemarie.org\/blog\/wp-json\/wp\/v2\/media?parent=8774"}],"wp:term":[{"taxonomy":"category","embeddable":true,"href":"https:\/\/www.associationdemarie.org\/blog\/wp-json\/wp\/v2\/categories?post=8774"},{"taxonomy":"post_tag","embeddable":true,"href":"https:\/\/www.associationdemarie.org\/blog\/wp-json\/wp\/v2\/tags?post=8774"}],"curies":[{"name":"wp","href":"https:\/\/api.w.org\/{rel}","templated":true}]}}