{"id":8729,"date":"2013-01-06T01:43:08","date_gmt":"2013-01-06T00:43:08","guid":{"rendered":"http:\/\/www.associationdemarie.org\/blog\/?p=8729"},"modified":"2013-12-18T09:47:48","modified_gmt":"2013-12-18T08:47:48","slug":"en-entrant-dans-la-maison-ils-virent-lenfant","status":"publish","type":"post","link":"https:\/\/www.associationdemarie.org\/blog\/en-entrant-dans-la-maison-ils-virent-lenfant\/","title":{"rendered":"\u00ab En entrant dans la maison, ils virent l\u2019enfant. \u00bb"},"content":{"rendered":"<p style=\"text-align: center;\"><a href=\"https:\/\/www.associationdemarie.org\/blog\/wp-content\/uploads\/2013\/12\/Epiphanie.jpg\"><img loading=\"lazy\" decoding=\"async\" class=\"aligncenter  wp-image-8730\" alt=\"Epiphanie\" src=\"https:\/\/www.associationdemarie.org\/blog\/wp-content\/uploads\/2013\/12\/Epiphanie.jpg\" width=\"352\" height=\"384\" srcset=\"https:\/\/www.associationdemarie.org\/blog\/wp-content\/uploads\/2013\/12\/Epiphanie.jpg 440w, https:\/\/www.associationdemarie.org\/blog\/wp-content\/uploads\/2013\/12\/Epiphanie-275x300.jpg 275w\" sizes=\"auto, (max-width: 352px) 100vw, 352px\" \/><\/a><\/p>\n<p>Adoration des rois : les puissants de ce monde baissent leur t\u00eate devant l\u2019humble berceau d\u2019un enfant. De l\u2019or, de l\u2019encens, de la myrrhe venus d\u2019Orient ; anxi\u00e9t\u00e9 dans les c\u0153urs, poussi\u00e8re des chemins parcourus la nuit, guid\u00e9s par une \u00e9toile. \u00ab O\u00f9 est-il, celui qui vient de na\u00eetre ? \u00bb\u2026 Vingt si\u00e8cles sont pass\u00e9s : beaucoup d\u2019\u00e2mes parcourent les chemins de la terre comme les mages d\u2019Orient et continuent \u00e0 demander en passant : \u00ab Avez-vous vu celui qu\u2019aime mon \u00e2me ? \u00bb (Ct 3,3) C\u2019est aussi une \u00e9toile de lumi\u00e8re qui, illuminant notre chemin, nous conduit \u00e0 l\u2019humilit\u00e9 d\u2019une cr\u00e8che, et nous montre ce qui nous a fait sortir \u00ab en dehors des murailles de la ville \u00bb (He 13,13; cf Lc 16,27). Elle nous montre un Dieu qui, tout en \u00e9tant Ma\u00eetre de tout, manque de tout. Le Cr\u00e9ateur de la lumi\u00e8re et de la chaleur du soleil souffre du froid ; celui qui vient au monde par amour pour les hommes est oubli\u00e9 des hommes.<\/p>\n<p>Maintenant aussi, comme alors, il y a des \u00e2mes qui cherchent Dieu&#8230; Par malheur, tous n\u2019arrivent pas \u00e0 le trouver, ils ne regardent pas tous l\u2019\u00e9toile qui est la foi ; ils n\u2019osent pas non plus s\u2019aventurer sur ces chemins qui conduisent \u00e0 lui, qui sont l\u2019humilit\u00e9, le renoncement, le sacrifice et presque toujours la croix\u2026<\/p>\n<p>Quand cette nuit, dans le ch\u0153ur, je me souvenais, sans le vouloir, de mes jours d\u2019enfance, de ma maison, des rois, mon habit monastique me disait autre chose : moi aussi, comme les mages, je suis venu \u00e0 la recherche d\u2019une cr\u00e8che. Je ne suis plus un enfant auquel il faut donner des jouets : les r\u00eaves sont maintenant plus grands et ils ne sont pas de cette vie. Les r\u00eaves du monde, comme les jouets des enfants, font le bonheur quand on les attend, mais ensuite tout n\u2019est que du carton. Les r\u00eaves de ciel \u2014 r\u00eave qui dure toute la vie et ne d\u00e9\u00e7oit pas apr\u00e8s. Comme ils ont d\u00fb s\u2019en retourner heureux, les mages, apr\u00e8s avoir vu Dieu ! Moi aussi je le verrai, il s\u2019agit seulement d\u2019attendre un peu. Le matin arrivera bient\u00f4t, et avec lui la lumi\u00e8re. Quel heureux r\u00e9veil ce sera !<\/p>\n<p>Saint Rapha\u00ebl Arnaiz Baron (1911-1938), moine trappiste espagnol<br \/>\n<i>\u00c9crits spirituels, 06\/01\/1937 (trad. Cerf 2008, p. 287)<\/i><\/p>\n<p>&nbsp;<\/p>\n<p>&nbsp;<\/p>\n<p>&nbsp;<\/p>\n","protected":false},"excerpt":{"rendered":"<p>Adoration des rois : les puissants de ce monde baissent leur t\u00eate devant l\u2019humble berceau d\u2019un enfant. De l\u2019or, de l\u2019encens, de la myrrhe venus d\u2019Orient ; anxi\u00e9t\u00e9 dans les c\u0153urs, poussi\u00e8re des chemins parcourus la nuit, guid\u00e9s par une \u00e9toile. \u00ab O\u00f9 est-il, celui qui vient de na\u00eetre ? \u00bb\u2026 Vingt si\u00e8cles sont pass\u00e9s [&hellip;]<\/p>\n","protected":false},"author":2,"featured_media":0,"comment_status":"closed","ping_status":"closed","sticky":false,"template":"","format":"standard","meta":{"footnotes":""},"categories":[3,13,26,28],"tags":[57,366,609,707,830,1075],"class_list":["post-8729","post","type-post","status-publish","format-standard","hentry","category-liturgique","category-ecritures","category-priere-des-ames","category-saints-et-saintes","tag-ame","tag-epiphanie","tag-mages","tag-nativite","tag-priere","tag-st-raphael-arnaiz-baron"],"_links":{"self":[{"href":"https:\/\/www.associationdemarie.org\/blog\/wp-json\/wp\/v2\/posts\/8729","targetHints":{"allow":["GET"]}}],"collection":[{"href":"https:\/\/www.associationdemarie.org\/blog\/wp-json\/wp\/v2\/posts"}],"about":[{"href":"https:\/\/www.associationdemarie.org\/blog\/wp-json\/wp\/v2\/types\/post"}],"author":[{"embeddable":true,"href":"https:\/\/www.associationdemarie.org\/blog\/wp-json\/wp\/v2\/users\/2"}],"replies":[{"embeddable":true,"href":"https:\/\/www.associationdemarie.org\/blog\/wp-json\/wp\/v2\/comments?post=8729"}],"version-history":[{"count":1,"href":"https:\/\/www.associationdemarie.org\/blog\/wp-json\/wp\/v2\/posts\/8729\/revisions"}],"predecessor-version":[{"id":8731,"href":"https:\/\/www.associationdemarie.org\/blog\/wp-json\/wp\/v2\/posts\/8729\/revisions\/8731"}],"wp:attachment":[{"href":"https:\/\/www.associationdemarie.org\/blog\/wp-json\/wp\/v2\/media?parent=8729"}],"wp:term":[{"taxonomy":"category","embeddable":true,"href":"https:\/\/www.associationdemarie.org\/blog\/wp-json\/wp\/v2\/categories?post=8729"},{"taxonomy":"post_tag","embeddable":true,"href":"https:\/\/www.associationdemarie.org\/blog\/wp-json\/wp\/v2\/tags?post=8729"}],"curies":[{"name":"wp","href":"https:\/\/api.w.org\/{rel}","templated":true}]}}