{"id":8718,"date":"2014-01-04T01:23:18","date_gmt":"2014-01-04T00:23:18","guid":{"rendered":"http:\/\/www.associationdemarie.org\/blog\/?p=8718"},"modified":"2013-12-14T08:34:32","modified_gmt":"2013-12-14T07:34:32","slug":"voeux-de-paix","status":"publish","type":"post","link":"https:\/\/www.associationdemarie.org\/blog\/voeux-de-paix\/","title":{"rendered":"Voeux de Paix"},"content":{"rendered":"<div><\/div>\n<div><\/div>\n<div><\/div>\n<div><\/div>\n<div><\/div>\n<div><\/div>\n<div><span style=\"color: #ffffff;\">.<\/span><br \/>\n<a href=\"https:\/\/www.associationdemarie.org\/blog\/wp-content\/uploads\/2014\/01\/2011-Jordanie-b-345.jpg\"><img loading=\"lazy\" decoding=\"async\" class=\"aligncenter size-medium wp-image-8720\" alt=\"2011 - Jordanie  b (345)\" src=\"https:\/\/www.associationdemarie.org\/blog\/wp-content\/uploads\/2014\/01\/2011-Jordanie-b-345-300x300.jpg\" width=\"300\" height=\"300\" srcset=\"https:\/\/www.associationdemarie.org\/blog\/wp-content\/uploads\/2014\/01\/2011-Jordanie-b-345-300x300.jpg 300w, https:\/\/www.associationdemarie.org\/blog\/wp-content\/uploads\/2014\/01\/2011-Jordanie-b-345-150x150.jpg 150w, https:\/\/www.associationdemarie.org\/blog\/wp-content\/uploads\/2014\/01\/2011-Jordanie-b-345.jpg 512w\" sizes=\"auto, (max-width: 300px) 100vw, 300px\" \/><\/a><\/div>\n<div><\/div>\n<div><span style=\"color: #ffffff;\">.<\/span><\/div>\n<div>Si nous avions l&rsquo;audace, en pr\u00e9sentant nos voeux, d&rsquo;imiter quelque peu le chant des anges du soir de No\u00ebl, ceux qui annon\u00e7aient aux bergers : \u00ab\u00a0Gloire \u00e0 Dieu au plus haut des cieux et paix sur la terre pour ses bien-aim\u00e9s.\u00a0\u00bb(Lc 2, 14 ) \u00a0A mon avis, ces envoy\u00e9s de Dieu y croyaient de tout leur \u00eatre \u00e0 cette paix qu&rsquo;ils annon\u00e7aient aux biens-aim\u00e9s du P\u00e8re. Et leur foi a \u00e9t\u00e9 communicative. Ce chant de paix a mis les bergers en route. Un chant de paix qui pourrait nous mettre en route \u00e0 notre tour, si nous voulions bien laisser r\u00e9sonner ce mot de Dieu \u00e0 nos oreilles.<\/div>\n<div><\/div>\n<div>Voeux de bonheur ! \u00ab\u00a0Heureux ceux qui font oeuvre de paix, ils seront appel\u00e9s fils de Dieu.\u00a0\u00bb ( Mt 5, 9 ) Matthieu parle de \u00ab\u00a0Fils\u00a0\u00bb l\u00e0 o\u00f9 les anges de Luc \u00e9voquaient les biens- aim\u00e9s de Dieu. Chacun \u00e0 leur mani\u00e8re, l&rsquo;un et l&rsquo;autre proclamaient la m\u00eame Bonne Nouvelle, celle d&rsquo;une connivence \u00e9tablie entre Dieu et l&rsquo;homme par la m\u00e9ditation de la paix.<\/div>\n<div><\/div>\n<div>La paix est un fruit de l&rsquo;Esprit, elle est un don de Dieu. En donnant la paix, Dieu se donne. En recevant la paix, c&rsquo;est \u00e0 Lui-m\u00eame que nous permettons de faire demeure en nous. Et proposer, en v\u00e9rit\u00e9, ce don de Dieu \u00e0 d&rsquo;autres, c&rsquo;est leur offrir la possibilit\u00e9 de partager un peu ou beaucoup de cette filiation divine : c&rsquo;est bien la paix de Dieu qui nous rend fr\u00e8res.<\/div>\n<div>\u00a0<span style=\"color: #ffffff;\">.<\/span><\/div>\n<div>P. Guy Lescanne<\/div>\n<div><\/div>\n<div><\/div>\n<div><\/div>\n","protected":false},"excerpt":{"rendered":"<p>. . Si nous avions l&rsquo;audace, en pr\u00e9sentant nos voeux, d&rsquo;imiter quelque peu le chant des anges du soir de No\u00ebl, ceux qui annon\u00e7aient aux bergers : \u00ab\u00a0Gloire \u00e0 Dieu au plus haut des cieux et paix sur la terre pour ses bien-aim\u00e9s.\u00a0\u00bb(Lc 2, 14 ) \u00a0A mon avis, ces envoy\u00e9s de Dieu y croyaient [&hellip;]<\/p>\n","protected":false},"author":2,"featured_media":0,"comment_status":"closed","ping_status":"closed","sticky":false,"template":"","format":"standard","meta":{"footnotes":""},"categories":[3,13,26],"tags":[65,72,1382,437,715,1200],"class_list":["post-8718","post","type-post","status-publish","format-standard","hentry","category-liturgique","category-ecritures","category-priere-des-ames","tag-amour-et-paix","tag-anges","tag-ecritures","tag-freres","tag-noel","tag-voeux"],"_links":{"self":[{"href":"https:\/\/www.associationdemarie.org\/blog\/wp-json\/wp\/v2\/posts\/8718","targetHints":{"allow":["GET"]}}],"collection":[{"href":"https:\/\/www.associationdemarie.org\/blog\/wp-json\/wp\/v2\/posts"}],"about":[{"href":"https:\/\/www.associationdemarie.org\/blog\/wp-json\/wp\/v2\/types\/post"}],"author":[{"embeddable":true,"href":"https:\/\/www.associationdemarie.org\/blog\/wp-json\/wp\/v2\/users\/2"}],"replies":[{"embeddable":true,"href":"https:\/\/www.associationdemarie.org\/blog\/wp-json\/wp\/v2\/comments?post=8718"}],"version-history":[{"count":3,"href":"https:\/\/www.associationdemarie.org\/blog\/wp-json\/wp\/v2\/posts\/8718\/revisions"}],"predecessor-version":[{"id":8721,"href":"https:\/\/www.associationdemarie.org\/blog\/wp-json\/wp\/v2\/posts\/8718\/revisions\/8721"}],"wp:attachment":[{"href":"https:\/\/www.associationdemarie.org\/blog\/wp-json\/wp\/v2\/media?parent=8718"}],"wp:term":[{"taxonomy":"category","embeddable":true,"href":"https:\/\/www.associationdemarie.org\/blog\/wp-json\/wp\/v2\/categories?post=8718"},{"taxonomy":"post_tag","embeddable":true,"href":"https:\/\/www.associationdemarie.org\/blog\/wp-json\/wp\/v2\/tags?post=8718"}],"curies":[{"name":"wp","href":"https:\/\/api.w.org\/{rel}","templated":true}]}}