{"id":8704,"date":"2014-01-01T01:17:33","date_gmt":"2014-01-01T00:17:33","guid":{"rendered":"http:\/\/www.associationdemarie.org\/blog\/?p=8704"},"modified":"2013-12-11T18:23:57","modified_gmt":"2013-12-11T17:23:57","slug":"ste-marie-mere-de-dieu-solennite-2","status":"publish","type":"post","link":"https:\/\/www.associationdemarie.org\/blog\/ste-marie-mere-de-dieu-solennite-2\/","title":{"rendered":"Ste Marie, M\u00e8re de Dieu, solennit\u00e9"},"content":{"rendered":"<p><a href=\"https:\/\/www.associationdemarie.org\/blog\/wp-content\/uploads\/2013\/12\/croix-arbre-de-vie-z.jpg\"><img loading=\"lazy\" decoding=\"async\" class=\"aligncenter size-full wp-image-8705\" alt=\"croix-arbre-de-vie-z\" src=\"https:\/\/www.associationdemarie.org\/blog\/wp-content\/uploads\/2013\/12\/croix-arbre-de-vie-z.jpg\" width=\"322\" height=\"400\" srcset=\"https:\/\/www.associationdemarie.org\/blog\/wp-content\/uploads\/2013\/12\/croix-arbre-de-vie-z.jpg 322w, https:\/\/www.associationdemarie.org\/blog\/wp-content\/uploads\/2013\/12\/croix-arbre-de-vie-z-241x300.jpg 241w\" sizes=\"auto, (max-width: 322px) 100vw, 322px\" \/><\/a><\/p>\n<p>\u00ab Un enfant nous est n\u00e9, un fils nous a \u00e9t\u00e9 donn\u00e9 \u00bb (Is 9,5)\u2026 Avec Marie nous contemplons le visage du Christ : en cet enfant\u2026c\u2019est Dieu qui vient nous visiter \u00ab pour guider nos pas au chemin de la paix \u00bb (Lc 1,79). Marie le contemple\u2026en s\u2019interrogeant sur le sens des prodiges qui entourent le myst\u00e8re de No\u00ebl.<\/p>\n<p>No\u00ebl, c\u2019est un myst\u00e8re de joie : les anges\u2026ont pr\u00e9sent\u00e9 aux bergers l\u2019\u00e9v\u00e9nement comme \u00ab une grande joie pour tout le peuple \u00bb (v. 10)\u2026, malgr\u00e9 l\u2019\u00e9loignement du domicile, la pauvret\u00e9 de la mangeoire, l\u2019indiff\u00e9rence du peuple, l\u2019hostilit\u00e9 du pouvoir.<\/p>\n<p>No\u00ebl, c\u2019est un myst\u00e8re d\u2019amour : amour du P\u00e8re, qui a envoy\u00e9 son Fils unique dans le monde pour nous faire don de sa propre vie (1Jn 4,9). Amour de \u00ab Dieu-avec-nous \u00bb, l\u2019Emmanuel (Mt 1,23) venu sur terre pour mourir sur la croix : dans la grotte glac\u00e9e, entour\u00e9e de silence, la Vierge M\u00e8re\u2026pressent d\u00e9j\u00e0 le drame sanglant du Calvaire. Le Prince de la paix (Is 9,5), n\u00e9 aujourd\u2019hui \u00e0 Bethl\u00e9em, donnera sa vie sur le Golgotha afin que r\u00e8gne l\u2019amour sur la terre.<\/p>\n<p>No\u00ebl, c\u2019est un myst\u00e8re de paix : de la grotte de Bethl\u00e9em s\u2019\u00e9l\u00e8ve aujourd\u2019hui un appel pressant pour que le monde ne c\u00e8de pas \u00e0 la m\u00e9fiance, au soup\u00e7on, \u00e0 la d\u00e9fiance, m\u00eame si le tragique ph\u00e9nom\u00e8ne du terrorisme accro\u00eet les incertitudes et les peurs. Les croyants de toutes les religions, ainsi que les hommes de bonne volont\u00e9, bannissant toute forme d\u2019intol\u00e9rance et de discrimination, sont appel\u00e9s \u00e0 construire la paix\u2026<\/p>\n<p>Avec toi, Vierge M\u00e8re, nous nous arr\u00eatons pour m\u00e9diter devant la mangeoire o\u00f9 repose l\u2019enfant, pour partager ton \u00e9merveillement face \u00e0 l\u2019immense bienveillance de Dieu. Donne-nous ton regard, Marie, pour d\u00e9chiffrer le myst\u00e8re qui se cache sous les membres fragiles de ton fils. Apprends-nous \u00e0 reconna\u00eetre son visage sur celui des enfants de toute race et de toute culture. Aide-nous \u00e0 \u00eatre des t\u00e9moins cr\u00e9dibles de son message de paix et d\u2019amour, afin que les hommes et les femmes de notre temps, qui est encore marqu\u00e9 par de fortes luttes et des violences inou\u00efes, sachent eux aussi reconna\u00eetre dans l\u2019enfant qui est entre tes bras l\u2019unique Sauveur du monde, source intarissable de la paix v\u00e9ritable \u00e0 laquelle aspirent profond\u00e9ment tous les c\u0153urs.<\/p>\n<p>Bienheureux Jean-Paul II (1920-2005), pape<br \/>\n<i>Message Urbi et Orbi 25\/12\/2002 (trad. \u00a9 copyright Libreria Editrice Vaticana)<\/i><\/p>\n<p>&nbsp;<\/p>\n<p>&nbsp;<\/p>\n<p><a href=\"https:\/\/www.associationdemarie.org\/blog\/wp-content\/uploads\/2014\/01\/voeux.gif\"><img loading=\"lazy\" decoding=\"async\" class=\"aligncenter size-full wp-image-8707\" alt=\"voeux\" src=\"https:\/\/www.associationdemarie.org\/blog\/wp-content\/uploads\/2014\/01\/voeux.gif\" width=\"200\" height=\"67\" \/><\/a><\/p>\n<p>&nbsp;<\/p>\n","protected":false},"excerpt":{"rendered":"<p>\u00ab Un enfant nous est n\u00e9, un fils nous a \u00e9t\u00e9 donn\u00e9 \u00bb (Is 9,5)\u2026 Avec Marie nous contemplons le visage du Christ : en cet enfant\u2026c\u2019est Dieu qui vient nous visiter \u00ab pour guider nos pas au chemin de la paix \u00bb (Lc 1,79). Marie le contemple\u2026en s\u2019interrogeant sur le sens des prodiges qui [&hellip;]<\/p>\n","protected":false},"author":2,"featured_media":0,"comment_status":"closed","ping_status":"closed","sticky":false,"template":"","format":"standard","meta":{"footnotes":""},"categories":[3,13,15,26],"tags":[65,147,158,636,715],"class_list":["post-8704","post","type-post","status-publish","format-standard","hentry","category-liturgique","category-ecritures","category-histoire","category-priere-des-ames","tag-amour-et-paix","tag-bethleem","tag-bienheureux-jean-paul-2","tag-marie","tag-noel"],"_links":{"self":[{"href":"https:\/\/www.associationdemarie.org\/blog\/wp-json\/wp\/v2\/posts\/8704","targetHints":{"allow":["GET"]}}],"collection":[{"href":"https:\/\/www.associationdemarie.org\/blog\/wp-json\/wp\/v2\/posts"}],"about":[{"href":"https:\/\/www.associationdemarie.org\/blog\/wp-json\/wp\/v2\/types\/post"}],"author":[{"embeddable":true,"href":"https:\/\/www.associationdemarie.org\/blog\/wp-json\/wp\/v2\/users\/2"}],"replies":[{"embeddable":true,"href":"https:\/\/www.associationdemarie.org\/blog\/wp-json\/wp\/v2\/comments?post=8704"}],"version-history":[{"count":2,"href":"https:\/\/www.associationdemarie.org\/blog\/wp-json\/wp\/v2\/posts\/8704\/revisions"}],"predecessor-version":[{"id":8708,"href":"https:\/\/www.associationdemarie.org\/blog\/wp-json\/wp\/v2\/posts\/8704\/revisions\/8708"}],"wp:attachment":[{"href":"https:\/\/www.associationdemarie.org\/blog\/wp-json\/wp\/v2\/media?parent=8704"}],"wp:term":[{"taxonomy":"category","embeddable":true,"href":"https:\/\/www.associationdemarie.org\/blog\/wp-json\/wp\/v2\/categories?post=8704"},{"taxonomy":"post_tag","embeddable":true,"href":"https:\/\/www.associationdemarie.org\/blog\/wp-json\/wp\/v2\/tags?post=8704"}],"curies":[{"name":"wp","href":"https:\/\/api.w.org\/{rel}","templated":true}]}}