{"id":8700,"date":"2013-12-31T01:07:54","date_gmt":"2013-12-31T00:07:54","guid":{"rendered":"http:\/\/www.associationdemarie.org\/blog\/?p=8700"},"modified":"2013-12-11T08:16:36","modified_gmt":"2013-12-11T07:16:36","slug":"te-deum-laudamus-action-de-grace-2","status":"publish","type":"post","link":"https:\/\/www.associationdemarie.org\/blog\/te-deum-laudamus-action-de-grace-2\/","title":{"rendered":"Te Deum Laudamus &#8211; Action de Gr\u00e2ce"},"content":{"rendered":"<p><a href=\"https:\/\/www.associationdemarie.org\/blog\/wp-content\/uploads\/2013\/12\/action-de-grace-serie-727x412.jpg\"><img loading=\"lazy\" decoding=\"async\" class=\"aligncenter size-medium wp-image-8701\" alt=\"action-de-grace-serie-727x412\" src=\"https:\/\/www.associationdemarie.org\/blog\/wp-content\/uploads\/2013\/12\/action-de-grace-serie-727x412-300x170.jpg\" width=\"300\" height=\"170\" srcset=\"https:\/\/www.associationdemarie.org\/blog\/wp-content\/uploads\/2013\/12\/action-de-grace-serie-727x412-300x170.jpg 300w, https:\/\/www.associationdemarie.org\/blog\/wp-content\/uploads\/2013\/12\/action-de-grace-serie-727x412.jpg 727w\" sizes=\"auto, (max-width: 300px) 100vw, 300px\" \/><\/a><\/p>\n<p>Chers fr\u00e8res et s\u0153urs\u00a0!<\/p>\n<p>L&rsquo;ann\u00e9e qui se termine et celle qui s&rsquo;annonce \u00e0 l&rsquo;horizon sont plac\u00e9es toutes les deux sous le regard b\u00e9nissant de la Tr\u00e8s Sainte M\u00e8re de Dieu. [&#8230;]<\/p>\n<p>Ce soir, tout nous invite donc \u00e0 tourner le regard vers Celle qui \u00ab\u00a0<em>re\u00e7ut le Verbe de Dieu \u00e0 la fois dans son c\u0153ur et dans son corps, et pr\u00e9senta au monde la vie<\/em>\u00a0\u00bb et qui pr\u00e9cis\u00e9ment pour cela &#8211; rappelle le Concile Vatican II &#8211;\u00a0<em>\u00ab\u00a0est reconnue et honor\u00e9e comme la v\u00e9ritable M\u00e8re de Dieu<\/em>\u00a0\u00bb (Const.\u00a0<a href=\"http:\/\/www.vatican.va\/archive\/hist_councils\/ii_vatican_council\/documents\/vat-ii_const_19641121_lumen-gentium_fr.html\">Lumen gentium<\/a>, n. 53). Le No\u00ebl du Christ, que nous comm\u00e9morons en ces jours, est enti\u00e8rement parcouru par la lumi\u00e8re de Marie et, alors que dans la cr\u00e8che nous nous arr\u00eatons pour contempler l&rsquo;Enfant, le regard ne peut que se tourner avec reconnaissance \u00e9galement vers la M\u00e8re, qui par son\u00a0<em>oui<\/em>\u00a0a rendu possible le don de la R\u00e9demption. Voil\u00e0 pourquoi le temps de No\u00ebl contient en lui une profonde connotation mariale ; la naissance de J\u00e9sus, homme-Dieu et la maternit\u00e9 divine de Marie sont des r\u00e9alit\u00e9s indissociables entre elles ; le myst\u00e8re de Marie et le myst\u00e8re du Fils unique de Dieu qui se fait homme, forment un unique myst\u00e8re, l&rsquo;un aidant \u00e0 mieux comprendre l&rsquo;autre. [&#8230;]<\/p>\n<p>Ce soir, nous voulons placer entre les mains de la M\u00e8re c\u00e9leste de Dieu notre hymne choral d&rsquo;action de gr\u00e2ces au Seigneur pour les bienfaits qu&rsquo;au cours des douze mois \u00e9coul\u00e9s il nous a largement accord\u00e9s. Le premier sentiment, qui na\u00eet ce soir spontan\u00e9ment dans notre c\u0153ur, est pr\u00e9cis\u00e9ment de louange et d&rsquo;action de gr\u00e2ces \u00e0 Celui qui nous fait don du temps, pr\u00e9cieuse opportunit\u00e9 pour accomplir le bien ; nous y joignons la requ\u00eate de pardon pour ne pas l&rsquo;avoir peut-\u00eatre toujours employ\u00e9 utilement. Je suis content de partager cette action de gr\u00e2ces avec vous, chers fr\u00e8res et s\u0153urs, qui repr\u00e9sentez notre communaut\u00e9 dioc\u00e9saine, \u00e0 laquelle j&rsquo;adresse mon salut cordial, en l&rsquo;\u00e9tendant \u00e0 tous les habitants de Rome. J&rsquo;adresse un salut particulier au cardinal-vicaire et au maire, qui ont tous le deux commenc\u00e9 leurs missions diff\u00e9rentes cette ann\u00e9e &#8211; l&rsquo;une spirituelle et religieuse, l&rsquo;autre civile et administrative &#8211; au service de notre ville. Mon salut s&rsquo;\u00e9tend aux \u00e9v\u00eaques auxiliaires, aux pr\u00eatres, aux personnes consacr\u00e9es et aux nombreux fid\u00e8les la\u00efcs ici rassembl\u00e9s, ainsi qu&rsquo;aux autorit\u00e9s pr\u00e9sentes. En venant au monde, le Verbe \u00e9ternel du P\u00e8re nous a r\u00e9v\u00e9l\u00e9 la proximit\u00e9 de Dieu et la v\u00e9rit\u00e9 ultime sur l&rsquo;homme et sur son destin \u00e9ternel ; il est venu demeurer avec nous pour \u00eatre notre soutien irrempla\u00e7able, en particulier dans les in\u00e9vitables difficult\u00e9s de chaque jour. Et ce soir la Vierge elle-m\u00eame nous rappelle quel grand don J\u00e9sus nous a fait avec sa naissance, quel\u00a0<em>tr\u00e9sor<\/em>\u00a0pr\u00e9cieux constitue pour nous son Incarnation. Dans son No\u00ebl, J\u00e9sus vient offrir sa Parole comme une lampe qui guide nos pas ; il vient s&rsquo;offrir lui-m\u00eame et nous devons savoir rendre raison de Lui, notre esp\u00e9rance certaine, dans notre existence quotidienne, conscients que \u00ab\u00a0<em>le myst\u00e8re de l&rsquo;homme ne s&rsquo;\u00e9claire vraiment que dans le myst\u00e8re du Verbe incarn\u00e9<\/em>\u00a0\u00bb (<a href=\"http:\/\/www.vatican.va\/archive\/hist_councils\/ii_vatican_council\/documents\/vat-ii_cons_19651207_gaudium-et-spes_fr.html\">Gaudium et spes<\/a>, n. 22).<\/p>\n<p>Chers fr\u00e8res et s\u0153urs, [&#8230;]<\/p>\n<p>M\u00eame si apparaissent \u00e0 l&rsquo;horizon de nombreuses ombres sur notre avenir, nous ne devons pas avoir peur. Notre grande esp\u00e9rance de croyants est la vie \u00e9ternelle dans la communion du Christ et de toute la famille de Dieu. Cette grande esp\u00e9rance nous donne la force d&rsquo;affronter et de surmonter les difficult\u00e9s de la vie dans ce monde. La pr\u00e9sence maternelle de Marie nous assure ce soir que Dieu ne nous abandonne jamais, si nous nous confions \u00e0 Lui et si nous suivons ses enseignements. Nous pr\u00e9sentons donc \u00e0 Marie, avec une affection et une confiance filiales, les attentes et les esp\u00e9rances, ainsi que les peurs et les difficult\u00e9s qui habitent notre c\u0153ur, tandis que nous prenons cong\u00e9 de cette ann\u00e9e et que nous nous appr\u00eatons \u00e0 accueillir la nouvelle ann\u00e9e. Que la Vierge Marie nous offre l&rsquo;enfant couch\u00e9 dans la cr\u00e8che comme notre esp\u00e9rance certaine. Emplis de confiance, nous pourrons alors chanter en conclusion du\u00a0<a title=\"Te Deum \u00e0 Notre-Dame de Paris avec Beno\u00eet XVI\" href=\"http:\/\/www.youtube.com\/watch?v=WJlUP3yDvkQ\">&gt;&gt;&gt;\u00a0Te Deum<\/a>\u00a0: \u00ab\u00a0<em>In te, Domine, speravi : non confundar in aeternum<\/em>\u00a0&#8211;\u00a0<em>Tu es Seigneur mon esp\u00e9rance, jamais je ne serai d\u00e9\u00e7u !<\/em>\u00a0\u00bb. Oui Seigneur, en Toi nous pla\u00e7ons notre esp\u00e9rance, aujourd&rsquo;hui et \u00e0 jamais ; Tu es notre esp\u00e9rance.\u00a0Amen !<\/p>\n<p style=\"text-align: left;\" align=\"center\">Extraits de l\u2019hom\u00e9lie de Beno\u00eet XVI &#8211;\u00a031 d\u00e9cembre<\/p>\n<p style=\"text-align: left;\">\u00a9 Copyright 2008 &#8211; Libreria Editrice Vaticana<\/p>\n<p style=\"text-align: left;\" align=\"center\">Pour approfondir lire l\u2019Hom\u00e9lie compl\u00e8te<\/p>\n<p style=\"text-align: left;\" align=\"center\"><a href=\"http:\/\/www.vatican.va\/holy_father\/benedict_xvi\/homilies\/2008\/documents\/hf_ben-xvi_hom_20081231_te-deum_fr.html\">&gt;&gt;&gt;\u00a0V\u00eapres et Te Deum<\/a><\/p>\n","protected":false},"excerpt":{"rendered":"<p>Chers fr\u00e8res et s\u0153urs\u00a0! L&rsquo;ann\u00e9e qui se termine et celle qui s&rsquo;annonce \u00e0 l&rsquo;horizon sont plac\u00e9es toutes les deux sous le regard b\u00e9nissant de la Tr\u00e8s Sainte M\u00e8re de Dieu. [&#8230;] Ce soir, tout nous invite donc \u00e0 tourner le regard vers Celle qui \u00ab\u00a0re\u00e7ut le Verbe de Dieu \u00e0 la fois dans son c\u0153ur [&hellip;]<\/p>\n","protected":false},"author":2,"featured_media":0,"comment_status":"closed","ping_status":"closed","sticky":false,"template":"","format":"standard","meta":{"footnotes":""},"categories":[3,26],"tags":[38,142,544,1127],"class_list":["post-8700","post","type-post","status-publish","format-standard","hentry","category-liturgique","category-priere-des-ames","tag-action-de-grace","tag-benoit-16","tag-joie","tag-te-deum"],"_links":{"self":[{"href":"https:\/\/www.associationdemarie.org\/blog\/wp-json\/wp\/v2\/posts\/8700","targetHints":{"allow":["GET"]}}],"collection":[{"href":"https:\/\/www.associationdemarie.org\/blog\/wp-json\/wp\/v2\/posts"}],"about":[{"href":"https:\/\/www.associationdemarie.org\/blog\/wp-json\/wp\/v2\/types\/post"}],"author":[{"embeddable":true,"href":"https:\/\/www.associationdemarie.org\/blog\/wp-json\/wp\/v2\/users\/2"}],"replies":[{"embeddable":true,"href":"https:\/\/www.associationdemarie.org\/blog\/wp-json\/wp\/v2\/comments?post=8700"}],"version-history":[{"count":2,"href":"https:\/\/www.associationdemarie.org\/blog\/wp-json\/wp\/v2\/posts\/8700\/revisions"}],"predecessor-version":[{"id":8703,"href":"https:\/\/www.associationdemarie.org\/blog\/wp-json\/wp\/v2\/posts\/8700\/revisions\/8703"}],"wp:attachment":[{"href":"https:\/\/www.associationdemarie.org\/blog\/wp-json\/wp\/v2\/media?parent=8700"}],"wp:term":[{"taxonomy":"category","embeddable":true,"href":"https:\/\/www.associationdemarie.org\/blog\/wp-json\/wp\/v2\/categories?post=8700"},{"taxonomy":"post_tag","embeddable":true,"href":"https:\/\/www.associationdemarie.org\/blog\/wp-json\/wp\/v2\/tags?post=8700"}],"curies":[{"name":"wp","href":"https:\/\/api.w.org\/{rel}","templated":true}]}}