{"id":8675,"date":"2013-12-25T01:39:33","date_gmt":"2013-12-25T00:39:33","guid":{"rendered":"http:\/\/www.associationdemarie.org\/blog\/?p=8675"},"modified":"2013-12-04T06:49:55","modified_gmt":"2013-12-04T05:49:55","slug":"marie-retenait-tous-ces-evenements-et-les-meditait-en-son-coeur-lc-219","status":"publish","type":"post","link":"https:\/\/www.associationdemarie.org\/blog\/marie-retenait-tous-ces-evenements-et-les-meditait-en-son-coeur-lc-219\/","title":{"rendered":"\u00ab Marie retenait tous ces \u00e9v\u00e9nements et les m\u00e9ditait en son c\u0153ur. \u00bb (Lc 2,19)"},"content":{"rendered":"<p><a href=\"https:\/\/www.associationdemarie.org\/blog\/wp-content\/uploads\/2013\/12\/bandeau-noel.jpeg\"><img loading=\"lazy\" decoding=\"async\" class=\"aligncenter size-full wp-image-8676\" alt=\"bandeau-noel\" src=\"https:\/\/www.associationdemarie.org\/blog\/wp-content\/uploads\/2013\/12\/bandeau-noel.jpeg\" width=\"249\" height=\"123\" \/><\/a><\/p>\n<p>En des paroles sublimes,<br \/>\nBr\u00fblante d\u2019amour,<br \/>\nMarie le ber\u00e7ait elle aussi :<br \/>\n\u00ab Qui donc m\u2019a donn\u00e9, \u00e0 moi la solitaire,<br \/>\nDe concevoir et d\u2019enfanter<br \/>\nCelui qui est l\u2019unique et le multiple,<br \/>\nLe tout-petit et le Tr\u00e8s-Grand ?<br \/>\nIl est tout entier pr\u00e8s de moi,<br \/>\nEt tout entier pr\u00e8s de tout l\u2019univers.<\/p>\n<p><a href=\"https:\/\/www.associationdemarie.org\/blog\/wp-content\/uploads\/2013\/12\/image_large1.jpeg\"><img loading=\"lazy\" decoding=\"async\" class=\"alignright size-full wp-image-8678\" alt=\"image_large\" src=\"https:\/\/www.associationdemarie.org\/blog\/wp-content\/uploads\/2013\/12\/image_large1.jpeg\" width=\"166\" height=\"768\" \/><\/a>Le jour o\u00f9 Gabriel lui-m\u00eame<br \/>\nEst entr\u00e9 dans ma pauvre maison,<br \/>\nIl m\u2019a rendue soudain<br \/>\nNoble dame autant que servante :<br \/>\nCar j\u2019\u00e9tais la servante de ta divinit\u00e9 (Lc 1,38),<br \/>\nMais je suis la m\u00e8re aussi<br \/>\nDe ton humanit\u00e9,<br \/>\nMon Seigneur et mon fils !<\/p>\n<p>La servante tout \u00e0 coup<br \/>\nEst devenue fille de roi,<br \/>\nPar toi, Fils de roi !<br \/>\n\u00c0 cause de toi, fils de David,<br \/>\nVoici que la plus humble<br \/>\nDans la maison de David,<br \/>\nVoici qu\u2019une fille de la terre<br \/>\nParvient jusqu\u2019au ciel,<br \/>\nPar celui qui est du ciel !<\/p>\n<p>Quelle merveille pour moi !<br \/>\nPr\u00e8s de moi repose<br \/>\nCe nouveau-n\u00e9, l\u2019Ancien des jours ! (Dn 7,9)<br \/>\nIl fixe son regard sur le ciel tout entier,<br \/>\nAlors que sans r\u00e9pit<br \/>\nSes l\u00e8vres balbutient.<br \/>\nComme il me ressemble !<br \/>\nAlors qu\u2019avec Dieu<br \/>\nIl parle en silence !<\/p>\n<p>Qui a jamais vu<br \/>\nUn nouveau-n\u00e9 regarder<br \/>\nEn tout lieu toutes choses ?<br \/>\nSon regard fait comprendre<br \/>\nQue c\u2019est lui qui dirige<br \/>\nToute la cr\u00e9ation de haut en bas.<br \/>\nSon regard fait comprendre<br \/>\nQu\u2019il commande en ma\u00eetre<br \/>\n\u00c0 tout l\u2019univers.<\/p>\n<p>Comment ouvrirai-je<br \/>\nUne source de lait<br \/>\nPour toi, la Source ?<br \/>\nComment donnerai-je<br \/>\nDe la nourriture<br \/>\n\u00c0 toi qui nourris tout \u00eatre<br \/>\nDe ta table ?<br \/>\nComment te couvrir de langes,<br \/>\nToi qui es rev\u00eatu de splendeur ? (Ps 103,2)<\/p>\n<p>Ma bouche ne sait pas<br \/>\nComment te nommer,<br \/>\n\u00d4 Fils du Dieu vivant ! (Mt 16,16)<br \/>\nSi j\u2019ose t\u2019appeler<br \/>\nFils de Joseph,<br \/>\nJe tremble car tu n\u2019es pas de sa semence\u2026<\/p>\n<p>Bien que tu sois le Fils de l\u2019Unique<br \/>\nD\u00e9sormais je t\u2019appellerai<br \/>\nLe fils d\u2019un grand nombre,<br \/>\nCar \u00e0 toi ne suffisent pas<br \/>\nDes milliers de noms :<br \/>\nTu es fils de Dieu, mais aussi fils de l\u2019homme (Mc 1,1 ; 8,31)<br \/>\nEt puis, fils de Joseph (Lc 3,23)<br \/>\nEt fils de David (Lc 20,41)<br \/>\nEt fils de Marie (Mc 6,3).<\/p>\n<p>Saint Ephrem (v. 306-373), diacre en Syrie, docteur de l&rsquo;\u00c9glise<br \/>\n<i>Hymnes 5 et 6 sur la Nativit\u00e9 ; SC 459 (trad. cf SC p. 124s)<\/i><\/p>\n<p>&nbsp;<\/p>\n<p>&nbsp;<\/p>\n<p>&nbsp;<\/p>\n<p>&nbsp;<\/p>\n","protected":false},"excerpt":{"rendered":"<p>En des paroles sublimes, Br\u00fblante d\u2019amour, Marie le ber\u00e7ait elle aussi : \u00ab Qui donc m\u2019a donn\u00e9, \u00e0 moi la solitaire, De concevoir et d\u2019enfanter Celui qui est l\u2019unique et le multiple, Le tout-petit et le Tr\u00e8s-Grand ? Il est tout entier pr\u00e8s de moi, Et tout entier pr\u00e8s de tout l\u2019univers. Le jour o\u00f9 [&hellip;]<\/p>\n","protected":false},"author":2,"featured_media":0,"comment_status":"closed","ping_status":"closed","sticky":false,"template":"","format":"standard","meta":{"footnotes":""},"categories":[3,13,26],"tags":[636,715,830,1028],"class_list":["post-8675","post","type-post","status-publish","format-standard","hentry","category-liturgique","category-ecritures","category-priere-des-ames","tag-marie","tag-noel","tag-priere","tag-st-ephrem"],"_links":{"self":[{"href":"https:\/\/www.associationdemarie.org\/blog\/wp-json\/wp\/v2\/posts\/8675","targetHints":{"allow":["GET"]}}],"collection":[{"href":"https:\/\/www.associationdemarie.org\/blog\/wp-json\/wp\/v2\/posts"}],"about":[{"href":"https:\/\/www.associationdemarie.org\/blog\/wp-json\/wp\/v2\/types\/post"}],"author":[{"embeddable":true,"href":"https:\/\/www.associationdemarie.org\/blog\/wp-json\/wp\/v2\/users\/2"}],"replies":[{"embeddable":true,"href":"https:\/\/www.associationdemarie.org\/blog\/wp-json\/wp\/v2\/comments?post=8675"}],"version-history":[{"count":1,"href":"https:\/\/www.associationdemarie.org\/blog\/wp-json\/wp\/v2\/posts\/8675\/revisions"}],"predecessor-version":[{"id":8679,"href":"https:\/\/www.associationdemarie.org\/blog\/wp-json\/wp\/v2\/posts\/8675\/revisions\/8679"}],"wp:attachment":[{"href":"https:\/\/www.associationdemarie.org\/blog\/wp-json\/wp\/v2\/media?parent=8675"}],"wp:term":[{"taxonomy":"category","embeddable":true,"href":"https:\/\/www.associationdemarie.org\/blog\/wp-json\/wp\/v2\/categories?post=8675"},{"taxonomy":"post_tag","embeddable":true,"href":"https:\/\/www.associationdemarie.org\/blog\/wp-json\/wp\/v2\/tags?post=8675"}],"curies":[{"name":"wp","href":"https:\/\/api.w.org\/{rel}","templated":true}]}}