{"id":8645,"date":"2013-12-17T01:31:26","date_gmt":"2013-12-17T00:31:26","guid":{"rendered":"http:\/\/www.associationdemarie.org\/blog\/?p=8645"},"modified":"2013-11-26T06:38:21","modified_gmt":"2013-11-26T05:38:21","slug":"jesus-christ-fils-de-david-fils-dabraham","status":"publish","type":"post","link":"https:\/\/www.associationdemarie.org\/blog\/jesus-christ-fils-de-david-fils-dabraham\/","title":{"rendered":"\u00ab J\u00e9sus Christ, fils de David, fils d&rsquo;Abraham \u00bb"},"content":{"rendered":"<p><a href=\"https:\/\/www.associationdemarie.org\/blog\/wp-content\/uploads\/2013\/11\/Abraham.jpg\"><img loading=\"lazy\" decoding=\"async\" class=\"aligncenter size-medium wp-image-8646\" alt=\"Abraham\" src=\"https:\/\/www.associationdemarie.org\/blog\/wp-content\/uploads\/2013\/11\/Abraham-212x300.jpg\" width=\"212\" height=\"300\" srcset=\"https:\/\/www.associationdemarie.org\/blog\/wp-content\/uploads\/2013\/11\/Abraham-212x300.jpg 212w, https:\/\/www.associationdemarie.org\/blog\/wp-content\/uploads\/2013\/11\/Abraham-724x1024.jpg 724w, https:\/\/www.associationdemarie.org\/blog\/wp-content\/uploads\/2013\/11\/Abraham.jpg 1240w\" sizes=\"auto, (max-width: 212px) 100vw, 212px\" \/><\/a><\/p>\n<p>Abraham, notre p\u00e8re dans la foi : La foi nous ouvre le chemin et accompagne nos pas dans l\u2019histoire. C\u2019est pourquoi, si nous voulons comprendre ce qu\u2019est la foi, nous devons raconter son parcours, la route des hommes croyants\u2026 Une place particuli\u00e8re revient \u00e0 Abraham, notre p\u00e8re dans la foi. Dans sa vie se produit un fait bouleversant : Dieu lui adresse la Parole, il se r\u00e9v\u00e8le comme un Dieu qui parle et qui l\u2019appelle par son nom. La foi est li\u00e9e \u00e0 l\u2019\u00e9coute. Abraham ne voit pas Dieu, mais il entend sa voix. De cette fa\u00e7on la foi prend un caract\u00e8re personnel. Dieu se trouve \u00eatre ainsi non le Dieu d\u2019un lieu, et pas m\u00eame le Dieu li\u00e9 \u00e0 un temps sacr\u00e9 sp\u00e9cifique, mais le Dieu d\u2019une personne, pr\u00e9cis\u00e9ment \u00ab le Dieu d\u2019Abraham, d\u2019Isaac et de Jacob \u00bb (Ex 3,6), capable d\u2019entrer en contact avec l\u2019homme et d\u2019\u00e9tablir une alliance avec lui. La foi est la r\u00e9ponse \u00e0 une parole qui interpelle personnellement, \u00e0 un \u00ab toi \u00bb qui nous appelle par notre nom.<\/p>\n<p>Cette parole dite \u00e0 Abraham est un appel et une promesse. Elle est avant tout appel \u00e0 sortir de sa propre terre, invitation \u00e0 s\u2019ouvrir \u00e0 une vie nouvelle, commencement d\u2019un exode qui le conduit vers un avenir insoup\u00e7onn\u00e9 (Gn 12,1). La vision que la foi donnera \u00e0 Abraham sera toujours jointe \u00e0 ce pas en avant \u00e0 accomplir. La foi \u00ab voit \u00bb dans la mesure o\u00f9 Abraham marche, o\u00f9 il entre dans l\u2019espace ouvert par la parole de Dieu.<\/p>\n<p>Cette parole contient en outre une promesse : \u00ab Ta descendance sera nombreuse, tu seras le p\u00e8re d\u2019un grand peuple \u00bb (Gn 13,16; 15,5; 22,17). En tant que r\u00e9ponse \u00e0 une parole qui pr\u00e9c\u00e8de, la foi d\u2019Abraham sera toujours un acte de m\u00e9moire ; mais cette m\u00e9moire\u2026\u00e9tant m\u00e9moire d\u2019une promesse, elle devient capable d\u2019ouvrir vers l\u2019avenir, d\u2019\u00e9clairer les pas au long de la route ; elle\u2026est \u00e9troitement li\u00e9e \u00e0 l\u2019esp\u00e9rance.<\/p>\n<p>Pape Fran\u00e7ois<br \/>\n<i>Encyclique \u00ab Lumen fidei \/ La Lumi\u00e8re de la foi \u00bb, \u00a78-9 (trad. \u00a9 Libreria Editrice Vaticana)<\/i><\/p>\n<p>&nbsp;<\/p>\n<p>&nbsp;<\/p>\n<p>&nbsp;<\/p>\n<p>&nbsp;<\/p>\n<p>&nbsp;<\/p>\n","protected":false},"excerpt":{"rendered":"<p>Abraham, notre p\u00e8re dans la foi : La foi nous ouvre le chemin et accompagne nos pas dans l\u2019histoire. C\u2019est pourquoi, si nous voulons comprendre ce qu\u2019est la foi, nous devons raconter son parcours, la route des hommes croyants\u2026 Une place particuli\u00e8re revient \u00e0 Abraham, notre p\u00e8re dans la foi. Dans sa vie se produit [&hellip;]<\/p>\n","protected":false},"author":2,"featured_media":0,"comment_status":"closed","ping_status":"closed","sticky":false,"template":"","format":"standard","meta":{"footnotes":""},"categories":[3,13,15,28],"tags":[32,295,425,761,771,840],"class_list":["post-8645","post","type-post","status-publish","format-standard","hentry","category-liturgique","category-ecritures","category-histoire","category-saints-et-saintes","tag-abraham","tag-dieu","tag-foi","tag-pape-francois","tag-parole-divine","tag-promesses"],"_links":{"self":[{"href":"https:\/\/www.associationdemarie.org\/blog\/wp-json\/wp\/v2\/posts\/8645","targetHints":{"allow":["GET"]}}],"collection":[{"href":"https:\/\/www.associationdemarie.org\/blog\/wp-json\/wp\/v2\/posts"}],"about":[{"href":"https:\/\/www.associationdemarie.org\/blog\/wp-json\/wp\/v2\/types\/post"}],"author":[{"embeddable":true,"href":"https:\/\/www.associationdemarie.org\/blog\/wp-json\/wp\/v2\/users\/2"}],"replies":[{"embeddable":true,"href":"https:\/\/www.associationdemarie.org\/blog\/wp-json\/wp\/v2\/comments?post=8645"}],"version-history":[{"count":1,"href":"https:\/\/www.associationdemarie.org\/blog\/wp-json\/wp\/v2\/posts\/8645\/revisions"}],"predecessor-version":[{"id":8647,"href":"https:\/\/www.associationdemarie.org\/blog\/wp-json\/wp\/v2\/posts\/8645\/revisions\/8647"}],"wp:attachment":[{"href":"https:\/\/www.associationdemarie.org\/blog\/wp-json\/wp\/v2\/media?parent=8645"}],"wp:term":[{"taxonomy":"category","embeddable":true,"href":"https:\/\/www.associationdemarie.org\/blog\/wp-json\/wp\/v2\/categories?post=8645"},{"taxonomy":"post_tag","embeddable":true,"href":"https:\/\/www.associationdemarie.org\/blog\/wp-json\/wp\/v2\/tags?post=8645"}],"curies":[{"name":"wp","href":"https:\/\/api.w.org\/{rel}","templated":true}]}}