{"id":8636,"date":"2013-12-15T01:17:49","date_gmt":"2013-12-15T00:17:49","guid":{"rendered":"http:\/\/www.associationdemarie.org\/blog\/?p=8636"},"modified":"2013-11-24T08:22:29","modified_gmt":"2013-11-24T07:22:29","slug":"3e-dimanche-de-lavent","status":"publish","type":"post","link":"https:\/\/www.associationdemarie.org\/blog\/3e-dimanche-de-lavent\/","title":{"rendered":"3e dimanche de l&rsquo;Avent"},"content":{"rendered":"<p><b><a href=\"https:\/\/www.associationdemarie.org\/blog\/wp-content\/uploads\/2013\/11\/3e-dimanche-de-l-Avent-dimanche-15-decembre-2013_large.jpg\"><img loading=\"lazy\" decoding=\"async\" class=\"alignleft  wp-image-8637\" alt=\"Evangile du 3\u00e8me dimanche  de l'Avent - Ann\u00e9e liturgique A\" src=\"https:\/\/www.associationdemarie.org\/blog\/wp-content\/uploads\/2013\/11\/3e-dimanche-de-l-Avent-dimanche-15-decembre-2013_large-296x300.jpg\" width=\"237\" height=\"240\" srcset=\"https:\/\/www.associationdemarie.org\/blog\/wp-content\/uploads\/2013\/11\/3e-dimanche-de-l-Avent-dimanche-15-decembre-2013_large-296x300.jpg 296w, https:\/\/www.associationdemarie.org\/blog\/wp-content\/uploads\/2013\/11\/3e-dimanche-de-l-Avent-dimanche-15-decembre-2013_large.jpg 360w\" sizes=\"auto, (max-width: 237px) 100vw, 237px\" \/><\/a>Vive Dieu !<\/b>\u00a0Notre Dieu vient parler (dimanche dernier) mais il vient aussi faire : des aveugles il fait des voyants, des boiteux il fait des marcheurs, des morts, il fait des vivants&#8230; Comment ne pas se r\u00e9jouir ? C&rsquo;est le dimanche de la joie : vive Dieu !<\/p>\n<p>&nbsp;<\/p>\n<p><b><i>Lecture de la lettre de saint Jacques<\/i><\/b><\/p>\n<div>Fr\u00e8res, en attendant la venue du Seigneur, ayez de la patience. Voyez le cultivateur : il attend les produits pr\u00e9cieux de la terre avec patience, jusqu&rsquo;\u00e0 ce qu&rsquo;il ait fait la premi\u00e8re et la derni\u00e8re r\u00e9coltes.<br \/>\nAyez de la patience vous aussi, et soyez fermes, car la venue du Seigneur est proche.<br \/>\nFr\u00e8res, ne g\u00e9missez pas les uns contre les autres, ainsi vous ne serez pas jug\u00e9s. Voyez : le Juge est \u00e0 notre porte.<br \/>\nFr\u00e8res, prenez pour mod\u00e8les d&rsquo;endurance et de patience les proph\u00e8tes qui ont parl\u00e9 au nom du Seigneur.<\/div>\n<div><\/div>\n<div><\/div>\n<div><\/div>\n<div><\/div>\n<div><\/div>\n","protected":false},"excerpt":{"rendered":"<p>Vive Dieu !\u00a0Notre Dieu vient parler (dimanche dernier) mais il vient aussi faire : des aveugles il fait des voyants, des boiteux il fait des marcheurs, des morts, il fait des vivants&#8230; Comment ne pas se r\u00e9jouir ? C&rsquo;est le dimanche de la joie : vive Dieu ! &nbsp; Lecture de la lettre de saint [&hellip;]<\/p>\n","protected":false},"author":2,"featured_media":0,"comment_status":"closed","ping_status":"closed","sticky":false,"template":"","format":"standard","meta":{"footnotes":""},"categories":[3,13,16,26],"tags":[127,1223,1382,842,1040,1042],"class_list":["post-8636","post","type-post","status-publish","format-standard","hentry","category-liturgique","category-ecritures","category-jardins-de-la-bible","category-priere-des-ames","tag-avent","tag-cultivateur","tag-ecritures","tag-prophetes","tag-st-jacques","tag-st-jean-baptiste"],"_links":{"self":[{"href":"https:\/\/www.associationdemarie.org\/blog\/wp-json\/wp\/v2\/posts\/8636","targetHints":{"allow":["GET"]}}],"collection":[{"href":"https:\/\/www.associationdemarie.org\/blog\/wp-json\/wp\/v2\/posts"}],"about":[{"href":"https:\/\/www.associationdemarie.org\/blog\/wp-json\/wp\/v2\/types\/post"}],"author":[{"embeddable":true,"href":"https:\/\/www.associationdemarie.org\/blog\/wp-json\/wp\/v2\/users\/2"}],"replies":[{"embeddable":true,"href":"https:\/\/www.associationdemarie.org\/blog\/wp-json\/wp\/v2\/comments?post=8636"}],"version-history":[{"count":2,"href":"https:\/\/www.associationdemarie.org\/blog\/wp-json\/wp\/v2\/posts\/8636\/revisions"}],"predecessor-version":[{"id":8639,"href":"https:\/\/www.associationdemarie.org\/blog\/wp-json\/wp\/v2\/posts\/8636\/revisions\/8639"}],"wp:attachment":[{"href":"https:\/\/www.associationdemarie.org\/blog\/wp-json\/wp\/v2\/media?parent=8636"}],"wp:term":[{"taxonomy":"category","embeddable":true,"href":"https:\/\/www.associationdemarie.org\/blog\/wp-json\/wp\/v2\/categories?post=8636"},{"taxonomy":"post_tag","embeddable":true,"href":"https:\/\/www.associationdemarie.org\/blog\/wp-json\/wp\/v2\/tags?post=8636"}],"curies":[{"name":"wp","href":"https:\/\/api.w.org\/{rel}","templated":true}]}}