{"id":8568,"date":"2013-11-05T02:54:02","date_gmt":"2013-11-05T01:54:02","guid":{"rendered":"http:\/\/www.associationdemarie.org\/blog\/?p=8568"},"modified":"2013-11-14T20:59:10","modified_gmt":"2013-11-14T19:59:10","slug":"le-roc-de-la-foi-de-lamour-de-la-verite","status":"publish","type":"post","link":"https:\/\/www.associationdemarie.org\/blog\/le-roc-de-la-foi-de-lamour-de-la-verite\/","title":{"rendered":"Le roc de la foi, de l\u2019amour, de la v\u00e9rit\u00e9"},"content":{"rendered":"<p style=\"text-align: center;\"><a href=\"https:\/\/www.associationdemarie.org\/blog\/wp-content\/uploads\/2013\/11\/batir-sur-le-sable1.jpg\"><img loading=\"lazy\" decoding=\"async\" class=\"aligncenter  wp-image-8569\" alt=\"batir-sur-le-sable1\" src=\"https:\/\/www.associationdemarie.org\/blog\/wp-content\/uploads\/2013\/11\/batir-sur-le-sable1.jpg\" width=\"428\" height=\"331\" srcset=\"https:\/\/www.associationdemarie.org\/blog\/wp-content\/uploads\/2013\/11\/batir-sur-le-sable1.jpg 475w, https:\/\/www.associationdemarie.org\/blog\/wp-content\/uploads\/2013\/11\/batir-sur-le-sable1-300x232.jpg 300w\" sizes=\"auto, (max-width: 428px) 100vw, 428px\" \/><\/a><\/p>\n<p>La lumi\u00e8re de l\u2019amour, propre \u00e0 la foi, peut illuminer les questions de notre temps sur la v\u00e9rit\u00e9. La v\u00e9rit\u00e9 aujourd\u2019hui est souvent r\u00e9duite \u00e0 une authenticit\u00e9 subjective de chacun, valable seulement pour la vie individuelle. Une v\u00e9rit\u00e9 commune nous fait peur, parce que nous l\u2019identifions avec l\u2019imposition intransigeante des totalitarismes. Mais si la v\u00e9rit\u00e9 est la v\u00e9rit\u00e9 de l\u2019amour, si c\u2019est la v\u00e9rit\u00e9 qui s\u2019entrouvre dans la rencontre personnelle avec l\u2019Autre et avec les autres, elle reste alors lib\u00e9r\u00e9e de la fermeture dans l\u2019individu et peut faire partie du bien commun. \u00c9tant la v\u00e9rit\u00e9 d\u2019un amour, ce n\u2019est pas une v\u00e9rit\u00e9 qui s\u2019impose avec violence, ce n\u2019est pas une v\u00e9rit\u00e9 qui \u00e9crase l\u2019individu. Naissant de l\u2019amour, elle peut arriver au c\u0153ur, au centre de chaque personne. Il r\u00e9sulte alors clairement que la foi n\u2019est pas intransigeante, mais elle grandit dans une cohabitation qui respecte l\u2019autre. Le croyant n\u2019est pas arrogant ; au contraire, la v\u00e9rit\u00e9 le rend humble, sachant que ce n\u2019est pas lui qui la poss\u00e8de, mais c\u2019est elle qui l\u2019embrasse et le poss\u00e8de. Loin de le raidir, la s\u00e9curit\u00e9 de la foi le met en route, et rend possible le t\u00e9moignage et le dialogue avec tous.<\/p>\n<p>D\u2019autre part, la lumi\u00e8re de la foi, dans la mesure o\u00f9 elle est unie \u00e0 la v\u00e9rit\u00e9 de l\u2019amour, n\u2019est pas \u00e9trang\u00e8re au monde mat\u00e9riel, car l\u2019amour se vit toujours corps et \u00e2me ; la lumi\u00e8re de la foi est une lumi\u00e8re incarn\u00e9e, qui proc\u00e8de de la vie lumineuse de J\u00e9sus. Elle \u00e9claire aussi la mati\u00e8re, se fie \u00e0 son ordre, reconna\u00eet qu\u2019en elle s\u2019ouvre un chemin d\u2019harmonie et de compr\u00e9hension toujours plus large. Le regard de la science tire ainsi profit de la foi : cela invite le chercheur \u00e0 rester ouvert \u00e0 la r\u00e9alit\u00e9, dans toute sa richesse in\u00e9puisable. La foi r\u00e9veille le sens critique dans la mesure o\u00f9 elle emp\u00eache la recherche de se complaire dans ses formules et l\u2019aide \u00e0 comprendre que la nature est toujours plus grande. En invitant \u00e0 l\u2019\u00e9merveillement devant le myst\u00e8re du cr\u00e9\u00e9, la foi \u00e9largit les horizons de la raison pour mieux \u00e9clairer le monde qui s\u2019ouvre \u00e0 la recherche scientifique.<\/p>\n<p>Pape Fran\u00e7ois<br \/>\n<i>Encyclique \u00ab Lumen fidei \/ La Lumi\u00e8re de la foi \u00bb, \u00a734 (trad. \u00a9 Libreria Editrice Vaticana)<\/i><\/p>\n<p>&nbsp;<\/p>\n<p>&nbsp;<\/p>\n<p>&nbsp;<\/p>\n<p>&nbsp;<\/p>\n","protected":false},"excerpt":{"rendered":"<p>La lumi\u00e8re de l\u2019amour, propre \u00e0 la foi, peut illuminer les questions de notre temps sur la v\u00e9rit\u00e9. La v\u00e9rit\u00e9 aujourd\u2019hui est souvent r\u00e9duite \u00e0 une authenticit\u00e9 subjective de chacun, valable seulement pour la vie individuelle. Une v\u00e9rit\u00e9 commune nous fait peur, parce que nous l\u2019identifions avec l\u2019imposition intransigeante des totalitarismes. Mais si la v\u00e9rit\u00e9 [&hellip;]<\/p>\n","protected":false},"author":2,"featured_media":0,"comment_status":"closed","ping_status":"closed","sticky":false,"template":"","format":"standard","meta":{"footnotes":""},"categories":[3,13],"tags":[62,425,761,1181],"class_list":["post-8568","post","type-post","status-publish","format-standard","hentry","category-liturgique","category-ecritures","tag-amour","tag-foi","tag-pape-francois","tag-verite"],"_links":{"self":[{"href":"https:\/\/www.associationdemarie.org\/blog\/wp-json\/wp\/v2\/posts\/8568","targetHints":{"allow":["GET"]}}],"collection":[{"href":"https:\/\/www.associationdemarie.org\/blog\/wp-json\/wp\/v2\/posts"}],"about":[{"href":"https:\/\/www.associationdemarie.org\/blog\/wp-json\/wp\/v2\/types\/post"}],"author":[{"embeddable":true,"href":"https:\/\/www.associationdemarie.org\/blog\/wp-json\/wp\/v2\/users\/2"}],"replies":[{"embeddable":true,"href":"https:\/\/www.associationdemarie.org\/blog\/wp-json\/wp\/v2\/comments?post=8568"}],"version-history":[{"count":2,"href":"https:\/\/www.associationdemarie.org\/blog\/wp-json\/wp\/v2\/posts\/8568\/revisions"}],"predecessor-version":[{"id":8571,"href":"https:\/\/www.associationdemarie.org\/blog\/wp-json\/wp\/v2\/posts\/8568\/revisions\/8571"}],"wp:attachment":[{"href":"https:\/\/www.associationdemarie.org\/blog\/wp-json\/wp\/v2\/media?parent=8568"}],"wp:term":[{"taxonomy":"category","embeddable":true,"href":"https:\/\/www.associationdemarie.org\/blog\/wp-json\/wp\/v2\/categories?post=8568"},{"taxonomy":"post_tag","embeddable":true,"href":"https:\/\/www.associationdemarie.org\/blog\/wp-json\/wp\/v2\/tags?post=8568"}],"curies":[{"name":"wp","href":"https:\/\/api.w.org\/{rel}","templated":true}]}}