{"id":8562,"date":"2013-12-03T01:00:42","date_gmt":"2013-12-03T00:00:42","guid":{"rendered":"http:\/\/www.associationdemarie.org\/blog\/?p=8562"},"modified":"2013-11-12T06:19:01","modified_gmt":"2013-11-12T05:19:01","slug":"beaucoup-de-prophetes-et-de-rois-ont-voulu-voir-ce-que-vous-voyez","status":"publish","type":"post","link":"https:\/\/www.associationdemarie.org\/blog\/beaucoup-de-prophetes-et-de-rois-ont-voulu-voir-ce-que-vous-voyez\/","title":{"rendered":"\u00ab Beaucoup de proph\u00e8tes et de rois ont voulu voir ce que vous voyez. \u00bb"},"content":{"rendered":"<p><a href=\"https:\/\/www.associationdemarie.org\/blog\/wp-content\/uploads\/2013\/11\/LiftUpTheCross1c.jpg\"><img loading=\"lazy\" decoding=\"async\" class=\"aligncenter size-full wp-image-8563\" alt=\"LiftUpTheCross1c\" src=\"https:\/\/www.associationdemarie.org\/blog\/wp-content\/uploads\/2013\/11\/LiftUpTheCross1c.jpg\" width=\"300\" height=\"225\" \/><\/a><\/p>\n<p>La pl\u00e9nitude de la foi chr\u00e9tienne : \u00ab Abraham\u2026a tressailli d\u2019all\u00e9gresse \u00e0 la pens\u00e9e qu\u2019il verrait mon jour. Il l\u2019a vu et a \u00e9t\u00e9 dans la joie \u00bb (Jn 8,56). Selon ces paroles de J\u00e9sus, la foi d\u2019Abraham \u00e9tait dirig\u00e9e vers lui ; elle \u00e9tait, en un sens, une vision anticip\u00e9e de son myst\u00e8re. Ainsi le comprend saint Augustin quand il affirme que les patriarches seront sauv\u00e9s par la foi : non la foi dans le Christ d\u00e9j\u00e0 venu, mais la foi dans le Christ qui allait venir, la foi tendue vers l\u2019\u00e9v\u00e9nement futur de J\u00e9sus.<\/p>\n<p>La foi chr\u00e9tienne est centr\u00e9e sur le Christ, elle est confession que J\u00e9sus est le Seigneur et que Dieu l\u2019a ressuscit\u00e9 des morts (Rm 10,9). Toutes les lignes de l\u2019Ancien Testament se rassemblent dans le Christ. Il devient le \u00ab oui \u00bb d\u00e9finitif \u00e0 toutes les promesses, le fondement de notre \u00ab Amen \u00bb final \u00e0 Dieu (cf 2Co 1,20). L\u2019histoire de J\u00e9sus est la pleine manifestation de la fiabilit\u00e9 de Dieu. Si Isra\u00ebl rappelait les grands actes d\u2019amour de Dieu, qui formaient le centre de sa confession et ouvraient le regard de sa foi, d\u00e9sormais la vie de J\u00e9sus appara\u00eet comme le lieu de l\u2019intervention d\u00e9finitive de Dieu, la manifestation supr\u00eame de son amour pour nous.<\/p>\n<p>La parole que Dieu nous adresse en J\u00e9sus n\u2019est pas une parole suppl\u00e9mentaire parmi tant d\u2019autres, mais sa Parole \u00e9ternelle (He 1,1-2). Il n\u2019y a pas de garantie plus grande que Dieu puisse donner pour nous assurer de son amour, comme nous le rappelle saint Paul (Rm 8,31s). La foi chr\u00e9tienne est donc foi dans le plein Amour, dans son pouvoir efficace, dans sa capacit\u00e9 de transformer le monde et d\u2019illuminer le temps. \u00ab\u00a0\u00a0Nous avons reconnu l\u2019amour que Dieu a pour nous, et nous y avons cru \u00bb (1Jn 4,16). La foi saisit, dans l\u2019amour de Dieu manifest\u00e9 en J\u00e9sus, le fondement sur lequel s\u2019appuient la r\u00e9alit\u00e9 et sa destination ultime.<\/p>\n<p>Pape Fran\u00e7ois<br \/>\n<i>Encyclique \u00ab Lumen fidei \/ La Lumi\u00e8re de la foi \u00bb, \u00a715 (trad. \u00a9 Libreria Editrice Vaticana)<\/i><\/p>\n<p>&nbsp;<\/p>\n<p>&nbsp;<\/p>\n<p>&nbsp;<\/p>\n<p>&nbsp;<\/p>\n","protected":false},"excerpt":{"rendered":"<p>La pl\u00e9nitude de la foi chr\u00e9tienne : \u00ab Abraham\u2026a tressailli d\u2019all\u00e9gresse \u00e0 la pens\u00e9e qu\u2019il verrait mon jour. Il l\u2019a vu et a \u00e9t\u00e9 dans la joie \u00bb (Jn 8,56). Selon ces paroles de J\u00e9sus, la foi d\u2019Abraham \u00e9tait dirig\u00e9e vers lui ; elle \u00e9tait, en un sens, une vision anticip\u00e9e de son myst\u00e8re. Ainsi [&hellip;]<\/p>\n","protected":false},"author":2,"featured_media":0,"comment_status":"closed","ping_status":"closed","sticky":false,"template":"","format":"standard","meta":{"footnotes":""},"categories":[3,13],"tags":[67,1382,425,761,842,1012,1068],"class_list":["post-8562","post","type-post","status-publish","format-standard","hentry","category-liturgique","category-ecritures","tag-ancien-testament","tag-ecritures","tag-foi","tag-pape-francois","tag-prophetes","tag-st-augustin","tag-st-paul"],"_links":{"self":[{"href":"https:\/\/www.associationdemarie.org\/blog\/wp-json\/wp\/v2\/posts\/8562","targetHints":{"allow":["GET"]}}],"collection":[{"href":"https:\/\/www.associationdemarie.org\/blog\/wp-json\/wp\/v2\/posts"}],"about":[{"href":"https:\/\/www.associationdemarie.org\/blog\/wp-json\/wp\/v2\/types\/post"}],"author":[{"embeddable":true,"href":"https:\/\/www.associationdemarie.org\/blog\/wp-json\/wp\/v2\/users\/2"}],"replies":[{"embeddable":true,"href":"https:\/\/www.associationdemarie.org\/blog\/wp-json\/wp\/v2\/comments?post=8562"}],"version-history":[{"count":1,"href":"https:\/\/www.associationdemarie.org\/blog\/wp-json\/wp\/v2\/posts\/8562\/revisions"}],"predecessor-version":[{"id":8564,"href":"https:\/\/www.associationdemarie.org\/blog\/wp-json\/wp\/v2\/posts\/8562\/revisions\/8564"}],"wp:attachment":[{"href":"https:\/\/www.associationdemarie.org\/blog\/wp-json\/wp\/v2\/media?parent=8562"}],"wp:term":[{"taxonomy":"category","embeddable":true,"href":"https:\/\/www.associationdemarie.org\/blog\/wp-json\/wp\/v2\/categories?post=8562"},{"taxonomy":"post_tag","embeddable":true,"href":"https:\/\/www.associationdemarie.org\/blog\/wp-json\/wp\/v2\/tags?post=8562"}],"curies":[{"name":"wp","href":"https:\/\/api.w.org\/{rel}","templated":true}]}}