{"id":8506,"date":"2013-11-15T01:09:41","date_gmt":"2013-11-15T00:09:41","guid":{"rendered":"http:\/\/www.associationdemarie.org\/blog\/?p=8506"},"modified":"2013-11-11T18:00:43","modified_gmt":"2013-11-11T17:00:43","slug":"8506","status":"publish","type":"post","link":"https:\/\/www.associationdemarie.org\/blog\/8506\/","title":{"rendered":"Neuvaine au Christ Roi"},"content":{"rendered":"<table width=\"100%\" border=\"0\" cellspacing=\"1\" cellpadding=\"0\">\n<tbody>\n<tr>\n<td colspan=\"2\" valign=\"top\" width=\"100%\" height=\"28\">\n<table width=\"100%\" border=\"0\" cellspacing=\"0\" cellpadding=\"0\">\n<tbody>\n<tr>\n<td colspan=\"2\">\n<div><span style=\"color: #ffffff;\">.<\/span><\/div>\n<div><strong><a href=\"https:\/\/www.associationdemarie.org\/blog\/wp-content\/uploads\/2011\/11\/Christ-Roi.jpg\"><img loading=\"lazy\" decoding=\"async\" class=\"alignright\" title=\"Christ Roi\" alt=\"\" src=\"https:\/\/www.associationdemarie.org\/blog\/wp-content\/uploads\/2011\/11\/Christ-Roi-224x300.jpg\" width=\"224\" height=\"300\" \/><\/a>Cette ann\u00e9e 2013, nous prions la neuvaine du 15 au 23 novembre. F\u00eate du Christ, Roi de l&rsquo;univers, le dimanche 24 novembre 2013.<\/strong><\/div>\n<\/td>\n<\/tr>\n<\/tbody>\n<\/table>\n<p><strong>HISTOIRE :<\/strong><\/p>\n<p>La f\u00eate du Christ Roi de l\u2019univers fut \u00e9tablie par le Pape Pie XI, le 11 d\u00e9cembre 1925. C&rsquo;est aussi le dernier dimanche du temps ordinaire de l&rsquo;Eglise. Le dimanche suivant sera le 1er Dimanche de l&rsquo;Avent.<\/td>\n<\/tr>\n<\/tbody>\n<\/table>\n<p><strong>PAROLE DE DIEU :<\/strong><\/p>\n<p>\u00ab\u00a0Tout pouvoir m&rsquo;a \u00e9t\u00e9 donn\u00e9 au Ciel et sur la terre. Allez donc, de toutes les nations faites des disciples. Et moi, je suis avec vous tous les jours, jusqu&rsquo;\u00e0 la fin des temps.\u00a0\u00bb (Matthieu 28, 18)<\/p>\n<p>Telles sont les derni\u00e8res paroles du Christ ressuscit\u00e9 dans l&rsquo;\u00e9vangile de saint Mathieu. Elles nous aident \u00e0 pressentir les dimensions inou\u00efes du myst\u00e8re que l&rsquo;\u00c9glise f\u00eate pour couronner l&rsquo;ann\u00e9e liturgique : le myst\u00e8re du Christ Roi, de la royaut\u00e9 du Christ.<\/p>\n<p><strong>EXPLICATIONS<\/strong><\/p>\n<p>Le Christ est Roi, c&rsquo;est affirmer, \u00e0 un premier niveau, que le Christ a pouvoir non seulement sur la terre, mais sur le cosmos tout entier.<\/p>\n<p>C&rsquo;est proclamer aussi qu&rsquo;il est le ma\u00eetre de l&rsquo;histoire pour tous les peuples et dans tous les temps, et qu&rsquo;il m\u00e8ne souverainement le destin de chaque homme, de chaque couple, de chaque famille, de chaque communaut\u00e9\u2026<\/p>\n<p>Prier le Christ Roi, c&rsquo;est reconna\u00eetre que l&rsquo;amour du Christ lui donne tous les droits; c&rsquo;est reconna\u00eetre que le Christ a le droit de nous aimer comme il veut, autant qu&rsquo;il veut.<\/p>\n<p>Celui que f\u00eatons comme notre Roi, c&rsquo;est le Fils de Dieu qui est aussi le fils de Marie. Le ma\u00eetre du monde et de l&rsquo;histoire a dit \u00ab\u00a0maman\u00a0\u00bb \u00e0 une femme de la terre, et c&rsquo;est ce m\u00eame J\u00e9sus Christ qui a tout pouvoir dans le ciel.<\/p>\n<p>Bien des gens, il est vrai, m\u00eame parmi les chr\u00e9tiens, pourraient s&rsquo;offusquer de cette f\u00eate du Christ Roi, en disant : cette seigneurie du Christ sur l&rsquo;histoire n&rsquo;est vraiment pas \u00e9vidente !\u00a0\u00bb Mais J\u00e9sus nous a pr\u00e9venus d&rsquo;avance, lorsqu&rsquo;il a r\u00e9pondu \u00e0 Pilate : \u00ab\u00a0Ma royaut\u00e9 n&rsquo;est pas de ce monde.\u00a0\u00bb (Jean 18, 37)<\/p>\n<p>La f\u00eate du Christ Roi ne c\u00e9l\u00e8bre par le triomphe de l&rsquo;\u00c9glise, mais bien plut\u00f4t l&rsquo;entr\u00e9e de l&rsquo;\u00c9glise dans l&rsquo;\u0153uvre universelle du Christ mis\u00e9ricordieux. Mais dans ce Seigneur si proche de nous, nous reconnaissons avec all\u00e9gresse, avec enthousiasme, le ma\u00eetre du monde et de l&rsquo;histoire, \u00ab\u00a0afin qu&rsquo;au nom de J\u00e9sus tout genou fl\u00e9chisse au ciel, sur terre, et dans le monde des morts, et que toute langue proclame : \u00ab\u00a0J\u00e9sus Christ est Seigneur, \u00e0 la gloire de Dieu le P\u00e8re. \u00a0\u00bb<\/p>\n<p style=\"text-align: center;\">++++++++++++++++++++++++++++++++++++++<\/p>\n<p><strong>PRIONS AINSI CHAQUE JOUR DE LA NEUVAINE :<\/strong><\/p>\n<p>* Au nom du P\u00e8re, du Fils et du Saint-Esprit. Amen !<\/p>\n<p>* Faire un petit chant au Saint-Esprit de votre connaissance.<\/p>\n<p>* Pri\u00e8re de la Neuvaine<\/p>\n<p><em><strong>Seigneur, en ce jour o\u00f9 nous magnifions ta grandeur, o\u00f9 nous sommes tellement heureux de dire notre action de gr\u00e2ce, donne-nous d\u2019abandonner toutes nos v\u00e9rit\u00e9s, mesquines et tristes, pour embrasser La V\u00e9rit\u00e9, l\u2019unique, la tienne. Viens r\u00e9gner dans nos c\u0153urs, viens y fonder la paix que toi seul peux donner.<\/strong><\/em><\/p>\n<p><em><strong>Donne nous de vivre selon la loi de ton royaume, accueille-nous dans ta mis\u00e9ricorde, grave-la en nos coeurs par le feu de ton Esprit. Apprends-nous \u00e0 ne rien retenir pour nous-m\u00eames, que Dieu puisse prendre toute la place en nos \u00e2mes.<\/strong><\/em><\/p>\n<p><em><strong>Nous t\u2019acclamons et nous te choisissons, toi notre sauveur, toi \u00ab l\u2019alpha et l\u2019om\u00e9ga, celui qui est, qui \u00e9tait et qui vient, le Tout-Puissant.\u00a0\u00bb Toi seul peux combler nos c\u0153urs, toi seul, Seigneur donnes un sens \u00e0 nos vies, tu es J\u00e9sus, Christ et Seigneur !<\/strong><\/em><\/p>\n<p><em><strong>Tous sur la terre, nous avons besoin de toi.<\/strong><\/em><\/p>\n<p><em><strong>A toi, l\u2019Agneau de Dieu avec le P\u00e8re et le Saint-Esprit soient le r\u00e8gne la puissance et la Gloire, pour les si\u00e8cles et les si\u00e8cles. Amen !<\/strong><\/em><\/p>\n<p>* Chantez un chant de louange de votre connaissance \u00e0 la Gloire de J\u00e9sus-Christ.<\/p>\n<p>* Prendre un temps de silence et d\u2019action de gr\u00e2ce.<\/p>\n<p>* Priez un Notre-P\u00e8re et un je Vous Salue Marie<\/p>\n<p>* Au nom du P\u00e8re, du Fils et du Saint-Esprit. Amen !<\/p>\n<p><strong>* QUE LE CHRIST ROI NOUS BENISSE !<\/strong><\/p>\n<p>&nbsp;<\/p>\n<p>&nbsp;<\/p>\n<p>&nbsp;<\/p>\n<p>&nbsp;<\/p>\n<p><strong>\u00a0<\/strong><\/p>\n","protected":false},"excerpt":{"rendered":"<p>. Cette ann\u00e9e 2013, nous prions la neuvaine du 15 au 23 novembre. F\u00eate du Christ, Roi de l&rsquo;univers, le dimanche 24 novembre 2013. HISTOIRE : La f\u00eate du Christ Roi de l\u2019univers fut \u00e9tablie par le Pape Pie XI, le 11 d\u00e9cembre 1925. C&rsquo;est aussi le dernier dimanche du temps ordinaire de l&rsquo;Eglise. Le [&hellip;]<\/p>\n","protected":false},"author":2,"featured_media":0,"comment_status":"closed","ping_status":"closed","sticky":false,"template":"","format":"standard","meta":{"footnotes":""},"categories":[3,13,14,15,24,27],"tags":[221,1382,712,1388],"class_list":["post-8506","post","type-post","status-publish","format-standard","hentry","category-liturgique","category-ecritures","category-groupe-prieres","category-histoire","category-neuvaine-au-christ-roi","category-prieres","tag-christ-roi","tag-ecritures","tag-neuvaine","tag-prieres"],"_links":{"self":[{"href":"https:\/\/www.associationdemarie.org\/blog\/wp-json\/wp\/v2\/posts\/8506","targetHints":{"allow":["GET"]}}],"collection":[{"href":"https:\/\/www.associationdemarie.org\/blog\/wp-json\/wp\/v2\/posts"}],"about":[{"href":"https:\/\/www.associationdemarie.org\/blog\/wp-json\/wp\/v2\/types\/post"}],"author":[{"embeddable":true,"href":"https:\/\/www.associationdemarie.org\/blog\/wp-json\/wp\/v2\/users\/2"}],"replies":[{"embeddable":true,"href":"https:\/\/www.associationdemarie.org\/blog\/wp-json\/wp\/v2\/comments?post=8506"}],"version-history":[{"count":3,"href":"https:\/\/www.associationdemarie.org\/blog\/wp-json\/wp\/v2\/posts\/8506\/revisions"}],"predecessor-version":[{"id":8561,"href":"https:\/\/www.associationdemarie.org\/blog\/wp-json\/wp\/v2\/posts\/8506\/revisions\/8561"}],"wp:attachment":[{"href":"https:\/\/www.associationdemarie.org\/blog\/wp-json\/wp\/v2\/media?parent=8506"}],"wp:term":[{"taxonomy":"category","embeddable":true,"href":"https:\/\/www.associationdemarie.org\/blog\/wp-json\/wp\/v2\/categories?post=8506"},{"taxonomy":"post_tag","embeddable":true,"href":"https:\/\/www.associationdemarie.org\/blog\/wp-json\/wp\/v2\/tags?post=8506"}],"curies":[{"name":"wp","href":"https:\/\/api.w.org\/{rel}","templated":true}]}}