{"id":8494,"date":"2013-11-23T01:36:06","date_gmt":"2013-11-23T00:36:06","guid":{"rendered":"http:\/\/www.associationdemarie.org\/blog\/?p=8494"},"modified":"2013-11-02T09:46:34","modified_gmt":"2013-11-02T08:46:34","slug":"il-est-notre-force","status":"publish","type":"post","link":"https:\/\/www.associationdemarie.org\/blog\/il-est-notre-force\/","title":{"rendered":"Il est notre force!"},"content":{"rendered":"<p><a href=\"https:\/\/www.associationdemarie.org\/blog\/wp-content\/uploads\/2013\/11\/SimoneMartiniAnnonciationMus\u00e9eAnversD\u00e9tailVierge.jpg\"><img loading=\"lazy\" decoding=\"async\" class=\"aligncenter size-medium wp-image-8496\" alt=\"SimoneMartiniAnnonciationMus\u00e9eAnversD\u00e9tailVierge\" src=\"https:\/\/www.associationdemarie.org\/blog\/wp-content\/uploads\/2013\/11\/SimoneMartiniAnnonciationMus\u00e9eAnversD\u00e9tailVierge-300x284.jpg\" width=\"300\" height=\"284\" srcset=\"https:\/\/www.associationdemarie.org\/blog\/wp-content\/uploads\/2013\/11\/SimoneMartiniAnnonciationMus\u00e9eAnversD\u00e9tailVierge-300x284.jpg 300w, https:\/\/www.associationdemarie.org\/blog\/wp-content\/uploads\/2013\/11\/SimoneMartiniAnnonciationMus\u00e9eAnversD\u00e9tailVierge-1024x970.jpg 1024w, https:\/\/www.associationdemarie.org\/blog\/wp-content\/uploads\/2013\/11\/SimoneMartiniAnnonciationMus\u00e9eAnversD\u00e9tailVierge.jpg 2025w\" sizes=\"auto, (max-width: 300px) 100vw, 300px\" \/><\/a><\/p>\n<p>\u00ab Regardons Marie. Apr\u00e8s l&rsquo;Annonciation, le premier geste qu&rsquo;elle accomplit est un geste de\u00a0<a href=\"http:\/\/www.eglise.catholique.fr\/ressources-annuaires\/lexique\/definition.html?&amp;lexiqueID=20&amp;Expression=Charit%C3%A9\">charit\u00e9<\/a>\u00a0envers sa vieille parente Elisabeth, et les premi\u00e8res paroles qu&rsquo;elle prononce sont: \u00ab Mon \u00e2me exalte le Seigneur \u00bb, c&rsquo;est-\u00e0-dire une louange et une action de\u00a0<a href=\"http:\/\/www.eglise.catholique.fr\/ressources-annuaires\/lexique\/definition.html?&amp;lexiqueID=57&amp;Expression=Gr%C3%A2ce\">gr\u00e2ce<\/a>\u00a0\u00e0 Dieu, non seulement pour ce qu&rsquo;il a fait en elle, mais aussi pour son action dans toute l&rsquo;histoire du salut. Tout est donn\u00e9 par Lui. Si nous pouvons comprendre que tout est don de Dieu, quel bonheur dans notre c\u0153ur! Tout est donn\u00e9 par Lui. Il est notre force!<\/p>\n<p>Dire \u00ab merci \u00bb est si facile, et pourtant si difficile! Combien de fois nous disons-nous \u00ab merci \u00bb en famille? C&rsquo;est un des mots-cl\u00e9s de la vie en commun. \u00ab Vous permettez \u00bb, \u00ab excusez-moi \u00bb, \u00ab merci \u00bb : si dans une famille on se dit ces trois mots, la famille progresse&#8230; Souvent nous tenons tout pour acquis! Et cela arrive aussi avec Dieu. C&rsquo;est facile d&rsquo;aller chez le Seigneur demander quelque chose, mais aller le remercier&#8230; Bah, je n&rsquo;y pense pas! Invoquons l&rsquo;intercession de Marie, pour qu&rsquo;elle nous aide \u00e0 nous laisser surprendre par Dieu sans opposer de r\u00e9sistance, \u00e0 lui \u00eatre fid\u00e8les chaque jour, \u00e0 le louer et \u00e0 le remercier, car c&rsquo;est Lui notre force\u00a0\u00bb.<\/p>\n<p>Pape Fran\u00e7ois<\/p>\n<p>dimanche 13 octobre 2013 au matin, Place Saint-Pierre, devant la Vierge de Fatima, \u00e0 l&rsquo;occasion des Journ\u00e9es mariales pour l&rsquo;Ann\u00e9e de la Foi.<\/p>\n","protected":false},"excerpt":{"rendered":"<p>\u00ab Regardons Marie. Apr\u00e8s l&rsquo;Annonciation, le premier geste qu&rsquo;elle accomplit est un geste de\u00a0charit\u00e9\u00a0envers sa vieille parente Elisabeth, et les premi\u00e8res paroles qu&rsquo;elle prononce sont: \u00ab Mon \u00e2me exalte le Seigneur \u00bb, c&rsquo;est-\u00e0-dire une louange et une action de\u00a0gr\u00e2ce\u00a0\u00e0 Dieu, non seulement pour ce qu&rsquo;il a fait en elle, mais aussi pour son action dans [&hellip;]<\/p>\n","protected":false},"author":2,"featured_media":0,"comment_status":"closed","ping_status":"closed","sticky":false,"template":"","format":"standard","meta":{"footnotes":""},"categories":[2,4,13,15],"tags":[74,220,636,761],"class_list":["post-8494","post","type-post","status-publish","format-standard","hentry","category-actualites","category-iconographie","category-ecritures","category-histoire","tag-annee-de-la-foi","tag-christ","tag-marie","tag-pape-francois"],"_links":{"self":[{"href":"https:\/\/www.associationdemarie.org\/blog\/wp-json\/wp\/v2\/posts\/8494","targetHints":{"allow":["GET"]}}],"collection":[{"href":"https:\/\/www.associationdemarie.org\/blog\/wp-json\/wp\/v2\/posts"}],"about":[{"href":"https:\/\/www.associationdemarie.org\/blog\/wp-json\/wp\/v2\/types\/post"}],"author":[{"embeddable":true,"href":"https:\/\/www.associationdemarie.org\/blog\/wp-json\/wp\/v2\/users\/2"}],"replies":[{"embeddable":true,"href":"https:\/\/www.associationdemarie.org\/blog\/wp-json\/wp\/v2\/comments?post=8494"}],"version-history":[{"count":2,"href":"https:\/\/www.associationdemarie.org\/blog\/wp-json\/wp\/v2\/posts\/8494\/revisions"}],"predecessor-version":[{"id":8497,"href":"https:\/\/www.associationdemarie.org\/blog\/wp-json\/wp\/v2\/posts\/8494\/revisions\/8497"}],"wp:attachment":[{"href":"https:\/\/www.associationdemarie.org\/blog\/wp-json\/wp\/v2\/media?parent=8494"}],"wp:term":[{"taxonomy":"category","embeddable":true,"href":"https:\/\/www.associationdemarie.org\/blog\/wp-json\/wp\/v2\/categories?post=8494"},{"taxonomy":"post_tag","embeddable":true,"href":"https:\/\/www.associationdemarie.org\/blog\/wp-json\/wp\/v2\/tags?post=8494"}],"curies":[{"name":"wp","href":"https:\/\/api.w.org\/{rel}","templated":true}]}}