{"id":8489,"date":"2013-11-22T01:57:56","date_gmt":"2013-11-22T00:57:56","guid":{"rendered":"http:\/\/www.associationdemarie.org\/blog\/?p=8489"},"modified":"2013-11-01T09:02:06","modified_gmt":"2013-11-01T08:02:06","slug":"le-peuple-tout-entier-etait-suspendu-a-ses-levres","status":"publish","type":"post","link":"https:\/\/www.associationdemarie.org\/blog\/le-peuple-tout-entier-etait-suspendu-a-ses-levres\/","title":{"rendered":"\u00ab Le peuple tout entier \u00e9tait suspendu \u00e0 ses l\u00e8vres. \u00bb"},"content":{"rendered":"<p><a href=\"https:\/\/www.associationdemarie.org\/blog\/wp-content\/uploads\/2013\/11\/Historique-de-Jerusalem.jpg\"><img loading=\"lazy\" decoding=\"async\" class=\"aligncenter size-medium wp-image-8491\" alt=\"Historique-de-Jerusalem\" src=\"https:\/\/www.associationdemarie.org\/blog\/wp-content\/uploads\/2013\/11\/Historique-de-Jerusalem-300x213.jpg\" width=\"300\" height=\"213\" srcset=\"https:\/\/www.associationdemarie.org\/blog\/wp-content\/uploads\/2013\/11\/Historique-de-Jerusalem-300x213.jpg 300w, https:\/\/www.associationdemarie.org\/blog\/wp-content\/uploads\/2013\/11\/Historique-de-Jerusalem.jpg 576w\" sizes=\"auto, (max-width: 300px) 100vw, 300px\" \/><\/a><\/p>\n<p>Aujourd\u2019hui, je voudrais bri\u00e8vement \u00e9voquer une autre de ces images qui nous aident \u00e0 illustrer le myst\u00e8re de l\u2019\u00c9glise : celle du temple (Vatican II, LG 6)\u2026 \u00c0 J\u00e9rusalem, le grand Temple de Salomon \u00e9tait le lieu de la rencontre avec Dieu dans la pri\u00e8re. \u00c0 l\u2019int\u00e9rieur du Temple, il y avait l\u2019Arche de l\u2019alliance\u2026, un rappel que Dieu avait toujours \u00e9t\u00e9 \u00e0 l\u2019int\u00e9rieur de l\u2019histoire de son peuple\u2026 Nous aussi quand nous allons au temple nous devons nous rappeler cette histoire, chacun de nous notre histoire, comment J\u00e9sus m\u2019a rencontr\u00e9, comment J\u00e9sus a march\u00e9 avec moi, comment J\u00e9sus m\u2019aime et me b\u00e9nit.<\/p>\n<p>Voil\u00e0, ce qui \u00e9tait pr\u00e9figur\u00e9 dans l\u2019antique Temple est r\u00e9alis\u00e9, par la puissance du Saint Esprit, dans l\u2019\u00c9glise : l\u2019\u00c9glise est la \u00ab maison de Dieu \u00bb, le lieu de sa pr\u00e9sence, o\u00f9 nous pouvons trouver et rencontrer le Seigneur ; l\u2019\u00c9glise est le Temple o\u00f9 habite le Saint Esprit qui l\u2019anime, la guide et la soutient. Si nous nous demandons : o\u00f9 pouvons-nous rencontrer Dieu ? O\u00f9 pouvons-nous entrer en communion avec lui \u00e0 travers le Christ ? O\u00f9 pouvons-nous trouver la lumi\u00e8re du Saint Esprit qui \u00e9claire notre vie ? La r\u00e9ponse est : dans le peuple de Dieu, parmi nous, qui sommes \u00c9glise\u2026<\/p>\n<p>Et c\u2019est le Saint Esprit, avec ses dons, qui dessine la diversit\u00e9. Cela est important : que fait le Saint Esprit parmi nous ? Il dessine la diversit\u00e9 qui est la richesse dans l\u2019\u00c9glise et qui unit tout et tous, de mani\u00e8re \u00e0 constituer un temple spirituel, dans lequel nous n\u2019offrons pas des sacrifices mat\u00e9riels, mais nous-m\u00eames, notre vie (1P 2,4-5). L\u2019\u00c9glise n\u2019est pas un m\u00e9lange de choses et d\u2019int\u00e9r\u00eats, mais elle est le Temple du Saint Esprit, le Temple dans lequel Dieu \u0153uvre, le Temple dont chacun de nous, \u00e0 travers le don du bapt\u00eame, est une pierre vivante\u2026 Nous sommes tous n\u00e9cessaires pour construire ce Temple ! Personne n\u2019a un r\u00f4le de second plan. Personne n\u2019est le plus important dans l\u2019\u00c9glise, nous sommes tous \u00e9gaux aux yeux de Dieu. L\u2019un d\u2019entre vous pourrait dire : \u00ab \u00c9coutez, Monsieur le Pape, vous n\u2019\u00eates pas \u00e9gal \u00e0 nous. \u00bb Mais si, je suis comme chacun de vous, nous sommes tous \u00e9gaux, nous sommes fr\u00e8res ! Personne n\u2019est anonyme.<\/p>\n<p>Pape Fran\u00e7ois<br \/>\n<i>Audience g\u00e9n\u00e9rale du 26\/06\/2013 (trad. \u00a9 copyright Libreria Editrice Vaticana)<\/i><\/p>\n<p>&nbsp;<\/p>\n<p>&nbsp;<\/p>\n<p>&nbsp;<\/p>\n","protected":false},"excerpt":{"rendered":"<p>Aujourd\u2019hui, je voudrais bri\u00e8vement \u00e9voquer une autre de ces images qui nous aident \u00e0 illustrer le myst\u00e8re de l\u2019\u00c9glise : celle du temple (Vatican II, LG 6)\u2026 \u00c0 J\u00e9rusalem, le grand Temple de Salomon \u00e9tait le lieu de la rencontre avec Dieu dans la pri\u00e8re. \u00c0 l\u2019int\u00e9rieur du Temple, il y avait l\u2019Arche de l\u2019alliance\u2026, [&hellip;]<\/p>\n","protected":false},"author":2,"featured_media":0,"comment_status":"closed","ping_status":"closed","sticky":false,"template":"","format":"standard","meta":{"footnotes":""},"categories":[2,3,13,28],"tags":[336,378,761,948,1130],"class_list":["post-8489","post","type-post","status-publish","format-standard","hentry","category-actualites","category-liturgique","category-ecritures","category-saints-et-saintes","tag-eglise","tag-esprit-saint","tag-pape-francois","tag-salomon","tag-temple"],"_links":{"self":[{"href":"https:\/\/www.associationdemarie.org\/blog\/wp-json\/wp\/v2\/posts\/8489","targetHints":{"allow":["GET"]}}],"collection":[{"href":"https:\/\/www.associationdemarie.org\/blog\/wp-json\/wp\/v2\/posts"}],"about":[{"href":"https:\/\/www.associationdemarie.org\/blog\/wp-json\/wp\/v2\/types\/post"}],"author":[{"embeddable":true,"href":"https:\/\/www.associationdemarie.org\/blog\/wp-json\/wp\/v2\/users\/2"}],"replies":[{"embeddable":true,"href":"https:\/\/www.associationdemarie.org\/blog\/wp-json\/wp\/v2\/comments?post=8489"}],"version-history":[{"count":2,"href":"https:\/\/www.associationdemarie.org\/blog\/wp-json\/wp\/v2\/posts\/8489\/revisions"}],"predecessor-version":[{"id":8492,"href":"https:\/\/www.associationdemarie.org\/blog\/wp-json\/wp\/v2\/posts\/8489\/revisions\/8492"}],"wp:attachment":[{"href":"https:\/\/www.associationdemarie.org\/blog\/wp-json\/wp\/v2\/media?parent=8489"}],"wp:term":[{"taxonomy":"category","embeddable":true,"href":"https:\/\/www.associationdemarie.org\/blog\/wp-json\/wp\/v2\/categories?post=8489"},{"taxonomy":"post_tag","embeddable":true,"href":"https:\/\/www.associationdemarie.org\/blog\/wp-json\/wp\/v2\/tags?post=8489"}],"curies":[{"name":"wp","href":"https:\/\/api.w.org\/{rel}","templated":true}]}}