{"id":8471,"date":"2013-11-18T18:29:47","date_gmt":"2013-11-18T17:29:47","guid":{"rendered":"http:\/\/www.associationdemarie.org\/blog\/?p=8471"},"modified":"2013-10-29T18:34:55","modified_gmt":"2013-10-29T17:34:55","slug":"fils-de-david-aie-pitie-de-moi","status":"publish","type":"post","link":"https:\/\/www.associationdemarie.org\/blog\/fils-de-david-aie-pitie-de-moi\/","title":{"rendered":"\u00ab Fils de David, aie piti\u00e9 de moi ! \u00bb"},"content":{"rendered":"<p><a href=\"https:\/\/www.associationdemarie.org\/blog\/wp-content\/uploads\/2013\/10\/aveugle-de-J\u00e9richo-1.jpg\"><img loading=\"lazy\" decoding=\"async\" class=\"size-full wp-image-8472 alignright\" alt=\"aveugle-de-J\u00e9richo-1\" src=\"https:\/\/www.associationdemarie.org\/blog\/wp-content\/uploads\/2013\/10\/aveugle-de-J\u00e9richo-1.jpg\" width=\"225\" height=\"225\" srcset=\"https:\/\/www.associationdemarie.org\/blog\/wp-content\/uploads\/2013\/10\/aveugle-de-J\u00e9richo-1.jpg 225w, https:\/\/www.associationdemarie.org\/blog\/wp-content\/uploads\/2013\/10\/aveugle-de-J\u00e9richo-1-150x150.jpg 150w\" sizes=\"auto, (max-width: 225px) 100vw, 225px\" \/><\/a>Tu as appris, mon ami, que le Royaume des cieux est au-dedans de toi, si tu le veux, et que tous les biens \u00e9ternels sont dans tes mains. H\u00e2te-toi donc de voir, de saisir et d&rsquo;obtenir en toi ces biens tenus en r\u00e9serve pour toi\u2026 Crie vers Dieu ; prosterne-toi.<\/p>\n<p>Comme l&rsquo;aveugle autrefois, dis maintenant toi aussi : \u00ab Aie piti\u00e9 de moi, Fils de Dieu, et ouvre les yeux de mon \u00e2me, afin que je voie la Lumi\u00e8re du monde que tu es, toi mon Dieu, et que je devienne moi aussi enfant de cette lumi\u00e8re divine. Toi qui es bon et g\u00e9n\u00e9reux, envoie l\u2019Esprit Saint, le Consolateur, sur moi aussi afin qu&rsquo;il m&rsquo;enseigne tout ce qui te concerne, tout ce qui est \u00e0 toi, Dieu de l&rsquo;univers. Demeure en moi aussi, comme tu l&rsquo;as dit, afin que je devienne \u00e0 mon tour digne de demeurer en toi. Donne-moi de savoir entrer en toi et de savoir que je te poss\u00e8de en moi. Toi qui es invisible, daigne prendre forme en moi, afin qu&rsquo;en voyant ta beaut\u00e9 inaccessible, je porte ton image, toi qui es aux cieux, et que j&rsquo;oublie toutes les choses visibles. Donne-moi la gloire que le P\u00e8re t&rsquo;a donn\u00e9e, toi le mis\u00e9ricordieux, afin que, semblable \u00e0 toi comme tous tes serviteurs, je partage ta vie divine selon la gr\u00e2ce et que je sois avec toi continuellement, maintenant et toujours et pour les si\u00e8cles sans fin \u00bb.<\/p>\n<p>(R\u00e9f\u00e9rences bibliques : Lc 17,21; Jn 8,12; Jn 12,36; Jn 14,26; Jn 15,4; Jn 17,22)<\/p>\n<p>Sym\u00e9on le Nouveau Th\u00e9ologien (v. 949-1022), moine grec<br \/>\n<i>\u00c9thique 5 (trad. Cerf 1979, p. 95 rev.)<\/i><\/p>\n<p>&nbsp;<\/p>\n<p>&nbsp;<\/p>\n<p>&nbsp;<\/p>\n<p>&nbsp;<\/p>\n","protected":false},"excerpt":{"rendered":"<p>Tu as appris, mon ami, que le Royaume des cieux est au-dedans de toi, si tu le veux, et que tous les biens \u00e9ternels sont dans tes mains. H\u00e2te-toi donc de voir, de saisir et d&rsquo;obtenir en toi ces biens tenus en r\u00e9serve pour toi\u2026 Crie vers Dieu ; prosterne-toi. Comme l&rsquo;aveugle autrefois, dis maintenant [&hellip;]<\/p>\n","protected":false},"author":2,"featured_media":0,"comment_status":"closed","ping_status":"closed","sticky":false,"template":"","format":"standard","meta":{"footnotes":""},"categories":[3,13,26,28],"tags":[128,1382,378,830,907,1119],"class_list":["post-8471","post","type-post","status-publish","format-standard","hentry","category-liturgique","category-ecritures","category-priere-des-ames","category-saints-et-saintes","tag-aveugle","tag-ecritures","tag-esprit-saint","tag-priere","tag-royaume-des-cieux","tag-symeon"],"_links":{"self":[{"href":"https:\/\/www.associationdemarie.org\/blog\/wp-json\/wp\/v2\/posts\/8471","targetHints":{"allow":["GET"]}}],"collection":[{"href":"https:\/\/www.associationdemarie.org\/blog\/wp-json\/wp\/v2\/posts"}],"about":[{"href":"https:\/\/www.associationdemarie.org\/blog\/wp-json\/wp\/v2\/types\/post"}],"author":[{"embeddable":true,"href":"https:\/\/www.associationdemarie.org\/blog\/wp-json\/wp\/v2\/users\/2"}],"replies":[{"embeddable":true,"href":"https:\/\/www.associationdemarie.org\/blog\/wp-json\/wp\/v2\/comments?post=8471"}],"version-history":[{"count":2,"href":"https:\/\/www.associationdemarie.org\/blog\/wp-json\/wp\/v2\/posts\/8471\/revisions"}],"predecessor-version":[{"id":8474,"href":"https:\/\/www.associationdemarie.org\/blog\/wp-json\/wp\/v2\/posts\/8471\/revisions\/8474"}],"wp:attachment":[{"href":"https:\/\/www.associationdemarie.org\/blog\/wp-json\/wp\/v2\/media?parent=8471"}],"wp:term":[{"taxonomy":"category","embeddable":true,"href":"https:\/\/www.associationdemarie.org\/blog\/wp-json\/wp\/v2\/categories?post=8471"},{"taxonomy":"post_tag","embeddable":true,"href":"https:\/\/www.associationdemarie.org\/blog\/wp-json\/wp\/v2\/tags?post=8471"}],"curies":[{"name":"wp","href":"https:\/\/api.w.org\/{rel}","templated":true}]}}