{"id":8467,"date":"2013-11-17T01:51:12","date_gmt":"2013-11-17T00:51:12","guid":{"rendered":"http:\/\/www.associationdemarie.org\/blog\/?p=8467"},"modified":"2013-10-29T07:56:54","modified_gmt":"2013-10-29T06:56:54","slug":"la-foi-et-marie","status":"publish","type":"post","link":"https:\/\/www.associationdemarie.org\/blog\/la-foi-et-marie\/","title":{"rendered":"La Foi et Marie"},"content":{"rendered":"<div><a href=\"https:\/\/www.associationdemarie.org\/blog\/wp-content\/uploads\/2013\/10\/images2.jpeg\"><img loading=\"lazy\" decoding=\"async\" class=\"alignright size-full wp-image-8468\" alt=\"images\" src=\"https:\/\/www.associationdemarie.org\/blog\/wp-content\/uploads\/2013\/10\/images2.jpeg\" width=\"196\" height=\"258\" \/><\/a><\/div>\n<div><span style=\"color: #ffffff;\">.<\/span><\/div>\n<div>Aujourd\u2019hui nous sommes devant une des merveilles du Seigneur : Marie ! Une cr\u00e9ature humble et faible comme nous, choisie pour \u00eatre M\u00e8re de Dieu, M\u00e8re de son Cr\u00e9ateur.<\/div>\n<div>Devant l\u2019annonce de l\u2019Ange, elle ne cache pas son \u00e9tonnement. C\u2019est la stupeur de voir que, pour se faire homme, Dieu l\u2019a vraiment choisie, elle, une simple jeune fille de Nazareth, qui ne vit pas dans les palais du pouvoir et de la richesse, qui n\u2019a pas accompli des exploits, mais qui est ouverte \u00e0 Dieu, sait se fier \u00e0 Lui, m\u00eame si elle ne comprend pas tout : \u00ab Voici la servante du Seigneur ; que tout se passe pour moi selon ta parole \u00bb (Lc 1, 38). C\u2019est sa r\u00e9ponse.\u00a0<b>Dieu nous surprend toujours, il rompt nos sch\u00e9mas, bouleverse nos projets, et nous dit : fais-moi confiance, n\u2019aie pas peur, laisse-toi surprendre, sors de toi-m\u00eame et suis-moi !<\/b><\/div>\n<div>Aujourd\u2019hui demandons-nous tous si nous avons peur de ce que Dieu pourrait nous demander ou de ce qu\u2019il nous demande. Est-ce que je me laisse surprendre par Dieu, comme a fait Marie, ou est-ce que je m\u2019enferme dans mes s\u00e9curit\u00e9s, s\u00e9curit\u00e9s mat\u00e9rielles, s\u00e9curit\u00e9s intellectuelles, s\u00e9curit\u00e9s id\u00e9ologiques, s\u00e9curit\u00e9s de mes projets ? Est-ce que je laisse vraiment Dieu entrer dans ma vie ?<\/div>\n<div>Dieu nous demande la fid\u00e9lit\u00e9. Nous pouvons devenir \u00ab non-fid\u00e8les \u00bb, mais lui ne le peut pas, il est \u00ab le fid\u00e8le \u00bb et il nous demande la m\u00eame fid\u00e9lit\u00e9. Pensons \u00e0 toutes ces fois o\u00f9 nous nous sommes enthousiasm\u00e9s pour quelque chose, pour une initiative, pour un engagement, mais ensuite, face aux premiers probl\u00e8mes, nous avons jet\u00e9 l\u2019\u00e9ponge. Et malheureusement, cela arrive aussi dans les choix fondamentaux, comme celui du mariage. La difficult\u00e9 d\u2019\u00eatre constants, d\u2019\u00eatre fid\u00e8les aux d\u00e9cisions prises, aux engagements pris. Il est souvent facile de dire \u00ab oui \u00bb, mais ensuite, on n\u2019arrive pas \u00e0 r\u00e9p\u00e9ter ce \u00ab oui \u00bb chaque jour. On ne r\u00e9ussit pas \u00e0 \u00eatre fid\u00e8les.<\/div>\n<div>Marie a dit son \u00ab oui \u00bb \u00e0 Dieu, un \u00ab oui \u00bb qui a boulevers\u00e9 son humble existence de Nazareth, mais ce \u00ab oui \u00bb n\u2019a pas \u00e9t\u00e9 l\u2019unique, au contraire il a \u00e9t\u00e9 seulement le premier de beaucoup de \u00ab oui \u00bb prononc\u00e9s dans son c\u0153ur dans ses moments joyeux, comme aussi dans les moments de douleur, beaucoup de \u00ab oui \u00bb qui atteignent leur sommet dans celui dit au pied de la Croix.<\/div>\n<div>Et je me demande : suis-je un chr\u00e9tien \u201cpar \u00e0-coups\u201d, ou suis-je un chr\u00e9tien toujours ?\u00a0<b>La culture du provisoire, du relatif p\u00e9n\u00e8tre aussi dans la vie de la foi. Dieu nous demande de lui \u00eatre fid\u00e8les, chaque jour, dans les actions quotidiennes.<\/b>\u00a0Et cela c\u2019est le chemin d\u00e9finitif : toujours avec le Seigneur, m\u00eame dans nos faiblesses, m\u00eame dans nos p\u00e9ch\u00e9s. Ne jamais aller sur la route du provisoire. Cela nous tue. La foi est fid\u00e9lit\u00e9 d\u00e9finitive, comme celle de Marie.<\/div>\n<div>Dieu est notre force. Regardons Marie : apr\u00e8s l\u2019Annonciation, le premier geste qu\u2019elle accomplit est un geste de charit\u00e9 envers sa vieille parente \u00c9lisabeth ; et les premi\u00e8res paroles qu\u2019elle prononce sont : \u00ab Mon \u00e2me exalte le Seigneur \u00bb, c\u2019est-\u00e0-dire un chant de louange et d\u2019action de gr\u00e2ce \u00e0 Dieu. Tout est donn\u00e9 par lui. Si nous pouvons comprendre que tout est don de Dieu, quel bonheur dans notre c\u0153ur ! Tout est donn\u00e9 par lui. Il est notre force ! (&#8230;) Combien de fois disons-nous \u00ab merci \u00bb en famille ? Combien de fois disons-nous merci \u00e0 celui qui nous aide, nous est proche, nous accompagne dans la vie ?\u00a0<b>Souvent nous tenons tout pour acquis ! Et cela arrive aussi avec Dieu. C\u2019est facile d\u2019aller chez le Seigneur demander quelque chose, mais aller le remercier : \u00ab Bah, je n\u2019y pense pas \u00bb.<\/b><\/div>\n<div><span style=\"color: #ffffff;\">\u00a0.<\/span><\/div>\n<div><i>Extraits de l&rsquo; hom\u00e9lie du pape pour l&rsquo;ann\u00e9e de la foi (vatican.va), 13\/10\/13<\/i><\/div>\n<div><\/div>\n<div><\/div>\n<div><\/div>\n<div><\/div>\n","protected":false},"excerpt":{"rendered":"<p>. Aujourd\u2019hui nous sommes devant une des merveilles du Seigneur : Marie ! Une cr\u00e9ature humble et faible comme nous, choisie pour \u00eatre M\u00e8re de Dieu, M\u00e8re de son Cr\u00e9ateur. Devant l\u2019annonce de l\u2019Ange, elle ne cache pas son \u00e9tonnement. C\u2019est la stupeur de voir que, pour se faire homme, Dieu l\u2019a vraiment choisie, elle, [&hellip;]<\/p>\n","protected":false},"author":2,"featured_media":0,"comment_status":"closed","ping_status":"closed","sticky":false,"template":"","format":"standard","meta":{"footnotes":""},"categories":[1],"tags":[74,295,592,636,747,761,1220],"class_list":["post-8467","post","type-post","status-publish","format-standard","hentry","category-non-classe","tag-annee-de-la-foi","tag-dieu","tag-louange","tag-marie","tag-oui","tag-pape-francois","tag-perseverance"],"_links":{"self":[{"href":"https:\/\/www.associationdemarie.org\/blog\/wp-json\/wp\/v2\/posts\/8467","targetHints":{"allow":["GET"]}}],"collection":[{"href":"https:\/\/www.associationdemarie.org\/blog\/wp-json\/wp\/v2\/posts"}],"about":[{"href":"https:\/\/www.associationdemarie.org\/blog\/wp-json\/wp\/v2\/types\/post"}],"author":[{"embeddable":true,"href":"https:\/\/www.associationdemarie.org\/blog\/wp-json\/wp\/v2\/users\/2"}],"replies":[{"embeddable":true,"href":"https:\/\/www.associationdemarie.org\/blog\/wp-json\/wp\/v2\/comments?post=8467"}],"version-history":[{"count":2,"href":"https:\/\/www.associationdemarie.org\/blog\/wp-json\/wp\/v2\/posts\/8467\/revisions"}],"predecessor-version":[{"id":8470,"href":"https:\/\/www.associationdemarie.org\/blog\/wp-json\/wp\/v2\/posts\/8467\/revisions\/8470"}],"wp:attachment":[{"href":"https:\/\/www.associationdemarie.org\/blog\/wp-json\/wp\/v2\/media?parent=8467"}],"wp:term":[{"taxonomy":"category","embeddable":true,"href":"https:\/\/www.associationdemarie.org\/blog\/wp-json\/wp\/v2\/categories?post=8467"},{"taxonomy":"post_tag","embeddable":true,"href":"https:\/\/www.associationdemarie.org\/blog\/wp-json\/wp\/v2\/tags?post=8467"}],"curies":[{"name":"wp","href":"https:\/\/api.w.org\/{rel}","templated":true}]}}