{"id":8432,"date":"2018-11-12T01:02:38","date_gmt":"2018-11-12T00:02:38","guid":{"rendered":"http:\/\/www.associationdemarie.org\/blog\/?p=8432"},"modified":"2018-10-28T07:40:37","modified_gmt":"2018-10-28T06:40:37","slug":"augmenter-notre-foi-en-leglise","status":"publish","type":"post","link":"https:\/\/www.associationdemarie.org\/blog\/augmenter-notre-foi-en-leglise\/","title":{"rendered":"Augmenter notre foi en l\u2019\u00c9glise"},"content":{"rendered":"<p style=\"text-align: justify;\"><a href=\"https:\/\/www.associationdemarie.org\/blog\/wp-content\/uploads\/2013\/10\/vivre-en-Eglise.jpg\"><img loading=\"lazy\" decoding=\"async\" class=\" wp-image-8433 aligncenter\" src=\"https:\/\/www.associationdemarie.org\/blog\/wp-content\/uploads\/2013\/10\/vivre-en-Eglise-300x167.jpg\" alt=\"vivre en Eglise\" width=\"444\" height=\"247\" srcset=\"https:\/\/www.associationdemarie.org\/blog\/wp-content\/uploads\/2013\/10\/vivre-en-Eglise-300x167.jpg 300w, https:\/\/www.associationdemarie.org\/blog\/wp-content\/uploads\/2013\/10\/vivre-en-Eglise.jpg 600w\" sizes=\"auto, (max-width: 444px) 100vw, 444px\" \/><\/a>Aujourd\u2019hui, je voudrais commencer une s\u00e9rie de cat\u00e9ch\u00e8ses sur le myst\u00e8re de l\u2019\u00c9glise, myst\u00e8re que nous vivons tous et dont nous faisons partie. Je voudrais le faire avec des expressions qui sont bien pr\u00e9sentes dans les textes du Concile \u0153cum\u00e9nique Vatican II. La premi\u00e8re cat\u00e9ch\u00e8se aujourd\u2019hui : l\u2019\u00c9glise comme famille de Dieu\u2026 Le terme \u00ab \u00c9glise \u00bb lui-m\u00eame, du grec ekklesia, signifie \u00ab convocation \u00bb : Dieu nous convoque, nous pousse \u00e0 sortir de notre individualisme, de notre tendance \u00e0 nous renfermer sur nous-m\u00eames et nous appelle \u00e0 faire partie de sa famille\u2026.<\/p>\n<p>Aujourd\u2019hui encore, certains disent : \u00ab Le Christ, oui, l\u2019\u00c9glise, non. \u00bb Comme ceux qui disent : \u00ab Je crois en Dieu, mais pas dans les pr\u00eatres. \u00bb Mais c\u2019est pr\u00e9cis\u00e9ment l\u2019\u00c9glise qui nous donne le Christ et qui nous conduit \u00e0 Dieu ; l\u2019\u00c9glise est la grande famille des enfants de Dieu. Certes, elle a aussi des aspects humains ; dans ceux qui la composent, pasteurs et fid\u00e8les, il y a des d\u00e9fauts, des imperfections, des p\u00e9ch\u00e9s ; le Pape aussi en a et il en a beaucoup, mais ce qui est beau, c\u2019est que quand nous nous rendons compte que nous sommes p\u00e9cheurs, nous trouvons la mis\u00e9ricorde de Dieu, qui pardonne toujours. N\u2019oubliez pas cela : Dieu pardonne toujours et il nous accueille dans son amour de pardon et de mis\u00e9ricorde. Certains disent que le p\u00e9ch\u00e9 est une offense \u00e0 Dieu, mais aussi une occasion d\u2019humiliation pour se rendre compte qu\u2019il y a autre chose de plus beau : la mis\u00e9ricorde de Dieu. Pensons-y.<\/p>\n<p>Demandons-nous aujourd\u2019hui : combien est-ce que j\u2019aime l\u2019\u00c9glise ? Est-ce que je prie pour elle ? Est-ce que je me sens membre de la famille de l\u2019\u00c9glise ? Qu\u2019est-ce que je fais pour qu\u2019elle soit une communaut\u00e9 dans laquelle chacun se sente accueilli et compris, fasse l&rsquo;exp\u00e9rience de la mis\u00e9ricorde et de l\u2019amour de Dieu qui renouvellent la vie ? La foi est un don et un acte qui nous concerne personnellement, mais Dieu nous appelle \u00e0 vivre notre foi ensemble, comme famille, comme \u00c9glise.<\/p>\n<p>Pape Fran\u00e7ois<br \/>\n<i>Audience g\u00e9n\u00e9rale 29\/05\/2013 (trad. \u00a9 copyright Libreria Editrice Vaticana)<\/i><\/p>\n<p>&nbsp;<\/p>\n<p>&nbsp;<\/p>\n<p>&nbsp;<\/p>\n<p>&nbsp;<\/p>\n","protected":false},"excerpt":{"rendered":"<p>Aujourd\u2019hui, je voudrais commencer une s\u00e9rie de cat\u00e9ch\u00e8ses sur le myst\u00e8re de l\u2019\u00c9glise, myst\u00e8re que nous vivons tous et dont nous faisons partie. Je voudrais le faire avec des expressions qui sont bien pr\u00e9sentes dans les textes du Concile \u0153cum\u00e9nique Vatican II. La premi\u00e8re cat\u00e9ch\u00e8se aujourd\u2019hui : l\u2019\u00c9glise comme famille de Dieu\u2026 Le terme \u00ab [&hellip;]<\/p>\n","protected":false},"author":2,"featured_media":0,"comment_status":"closed","ping_status":"closed","sticky":false,"template":"","format":"standard","meta":{"footnotes":""},"categories":[2,3,13,27],"tags":[220,336,425,761,1174],"class_list":["post-8432","post","type-post","status-publish","format-standard","hentry","category-actualites","category-liturgique","category-ecritures","category-prieres","tag-christ","tag-eglise","tag-foi","tag-pape-francois","tag-vatican-2"],"_links":{"self":[{"href":"https:\/\/www.associationdemarie.org\/blog\/wp-json\/wp\/v2\/posts\/8432","targetHints":{"allow":["GET"]}}],"collection":[{"href":"https:\/\/www.associationdemarie.org\/blog\/wp-json\/wp\/v2\/posts"}],"about":[{"href":"https:\/\/www.associationdemarie.org\/blog\/wp-json\/wp\/v2\/types\/post"}],"author":[{"embeddable":true,"href":"https:\/\/www.associationdemarie.org\/blog\/wp-json\/wp\/v2\/users\/2"}],"replies":[{"embeddable":true,"href":"https:\/\/www.associationdemarie.org\/blog\/wp-json\/wp\/v2\/comments?post=8432"}],"version-history":[{"count":5,"href":"https:\/\/www.associationdemarie.org\/blog\/wp-json\/wp\/v2\/posts\/8432\/revisions"}],"predecessor-version":[{"id":17033,"href":"https:\/\/www.associationdemarie.org\/blog\/wp-json\/wp\/v2\/posts\/8432\/revisions\/17033"}],"wp:attachment":[{"href":"https:\/\/www.associationdemarie.org\/blog\/wp-json\/wp\/v2\/media?parent=8432"}],"wp:term":[{"taxonomy":"category","embeddable":true,"href":"https:\/\/www.associationdemarie.org\/blog\/wp-json\/wp\/v2\/categories?post=8432"},{"taxonomy":"post_tag","embeddable":true,"href":"https:\/\/www.associationdemarie.org\/blog\/wp-json\/wp\/v2\/tags?post=8432"}],"curies":[{"name":"wp","href":"https:\/\/api.w.org\/{rel}","templated":true}]}}