{"id":8410,"date":"2013-10-23T10:33:58","date_gmt":"2013-10-23T09:33:58","guid":{"rendered":"http:\/\/www.associationdemarie.org\/blog\/?p=8410"},"modified":"2013-10-23T10:33:58","modified_gmt":"2013-10-23T09:33:58","slug":"communique-de-mgr-michel-mouisse-eveque-de-perigueux-et-de-sarlat","status":"publish","type":"post","link":"https:\/\/www.associationdemarie.org\/blog\/communique-de-mgr-michel-mouisse-eveque-de-perigueux-et-de-sarlat\/","title":{"rendered":"Communiqu\u00e9 de Mgr Michel Mou\u00efsse, \u00e9v\u00eaque de P\u00e9rigueux et de Sarlat"},"content":{"rendered":"<p><a href=\"https:\/\/www.associationdemarie.org\/blog\/wp-content\/uploads\/2013\/10\/Mgr_Mouisse1.jpg\"><img loading=\"lazy\" decoding=\"async\" class=\" wp-image-8412 alignleft\" alt=\"Mgr_Mouisse\" src=\"https:\/\/www.associationdemarie.org\/blog\/wp-content\/uploads\/2013\/10\/Mgr_Mouisse1-201x300.jpg\" width=\"141\" height=\"210\" srcset=\"https:\/\/www.associationdemarie.org\/blog\/wp-content\/uploads\/2013\/10\/Mgr_Mouisse1-201x300.jpg 201w, https:\/\/www.associationdemarie.org\/blog\/wp-content\/uploads\/2013\/10\/Mgr_Mouisse1.jpg 402w\" sizes=\"auto, (max-width: 141px) 100vw, 141px\" \/><\/a><\/p>\n<p><!--StartFragment--><span style=\"font-family: 'Lucida Grande';\">\u00ab L&rsquo;\u0152uvre d\u2019Orient \u00bb en France vient d\u2019attirer l\u2019attention des \u00e9v\u00eaques sur les lieux chr\u00e9tiens incendi\u00e9s ou saccag\u00e9s en \u00c9gypte depuis le 14 ao\u00fbt 2013.<br \/>\nC\u2019est effrayant.<br \/>\nJusqu\u2019\u00e0 la mi-ao\u00fbt, les chr\u00e9tiens avaient subi des violences ponctuelles et des discriminations, ce qui d\u00e9j\u00e0 \u00e9tait insupportable. Mais depuis, il y a eu une vague consid\u00e9rable de pers\u00e9cutions et de destructions qui viennent des int\u00e9gristes islamistes.<br \/>\n39 \u00e9glises ont \u00e9t\u00e9 pill\u00e9es, saccag\u00e9es et br\u00fbl\u00e9es enti\u00e8rement ou bombard\u00e9es.<br \/>\n23 \u00e9glises ont \u00e9t\u00e9 attaqu\u00e9es par jets de pierre, Molotov, balles, et assi\u00e9g\u00e9es.<br \/>\n\u00c0 cela, il faut ajouter 6 \u00e9coles et couvents br\u00fbl\u00e9s, 7 installations appartenant aux \u00e9glises enti\u00e8rement br\u00fbl\u00e9es et 5 maisons, pharmacies, magasins, h\u00f4tels, 75 autocars et voitures appartenant aux coptes, pill\u00e9s, saccag\u00e9s et br\u00fbl\u00e9s enti\u00e8rement.<br \/>\nC\u2019est effrayant et catastrophique.<br \/>\nEt devant cela, le \u00ab silence m\u00e9diatique \u00bb chez nous est assourdissant. Celui des fameuses \u00e9lites intellectuelles et politiques toutes tendances confondues aussi.<br \/>\nHommes de bonne volont\u00e9, amis de la libert\u00e9, chr\u00e9tiens de France, nous ne pouvons pas rester insensibles : alors sensibilisons nos proches, nos relations, nos amis, nos communaut\u00e9s ; informons le plus possible autour de nous et que les chr\u00e9tiens sans rel\u00e2che prient pour nos fr\u00e8res qui souffrent et pour la Paix.<\/p>\n<p>Michel MOU\u00cfSSE<br \/>\n\u00c9v\u00eaque de P\u00e9rigueux et Sarlat<\/span> <!--EndFragment--><\/p>\n<p>&nbsp;<\/p>\n<p>&nbsp;<\/p>\n<p>&nbsp;<\/p>\n<p>&nbsp;<\/p>\n","protected":false},"excerpt":{"rendered":"<p>\u00ab L&rsquo;\u0152uvre d\u2019Orient \u00bb en France vient d\u2019attirer l\u2019attention des \u00e9v\u00eaques sur les lieux chr\u00e9tiens incendi\u00e9s ou saccag\u00e9s en \u00c9gypte depuis le 14 ao\u00fbt 2013. C\u2019est effrayant. Jusqu\u2019\u00e0 la mi-ao\u00fbt, les chr\u00e9tiens avaient subi des violences ponctuelles et des discriminations, ce qui d\u00e9j\u00e0 \u00e9tait insupportable. Mais depuis, il y a eu une vague consid\u00e9rable de [&hellip;]<\/p>\n","protected":false},"author":2,"featured_media":0,"comment_status":"closed","ping_status":"closed","sticky":false,"template":"","format":"standard","meta":{"footnotes":""},"categories":[2,12,14],"tags":[1379,502,647,797],"class_list":["post-8410","post","type-post","status-publish","format-standard","hentry","category-actualites","category-crise","category-groupe-prieres","tag-actualites","tag-intention-de-prieres","tag-martyr","tag-persecutions"],"_links":{"self":[{"href":"https:\/\/www.associationdemarie.org\/blog\/wp-json\/wp\/v2\/posts\/8410","targetHints":{"allow":["GET"]}}],"collection":[{"href":"https:\/\/www.associationdemarie.org\/blog\/wp-json\/wp\/v2\/posts"}],"about":[{"href":"https:\/\/www.associationdemarie.org\/blog\/wp-json\/wp\/v2\/types\/post"}],"author":[{"embeddable":true,"href":"https:\/\/www.associationdemarie.org\/blog\/wp-json\/wp\/v2\/users\/2"}],"replies":[{"embeddable":true,"href":"https:\/\/www.associationdemarie.org\/blog\/wp-json\/wp\/v2\/comments?post=8410"}],"version-history":[{"count":2,"href":"https:\/\/www.associationdemarie.org\/blog\/wp-json\/wp\/v2\/posts\/8410\/revisions"}],"predecessor-version":[{"id":8414,"href":"https:\/\/www.associationdemarie.org\/blog\/wp-json\/wp\/v2\/posts\/8410\/revisions\/8414"}],"wp:attachment":[{"href":"https:\/\/www.associationdemarie.org\/blog\/wp-json\/wp\/v2\/media?parent=8410"}],"wp:term":[{"taxonomy":"category","embeddable":true,"href":"https:\/\/www.associationdemarie.org\/blog\/wp-json\/wp\/v2\/categories?post=8410"},{"taxonomy":"post_tag","embeddable":true,"href":"https:\/\/www.associationdemarie.org\/blog\/wp-json\/wp\/v2\/tags?post=8410"}],"curies":[{"name":"wp","href":"https:\/\/api.w.org\/{rel}","templated":true}]}}