{"id":84,"date":"2009-03-10T18:22:40","date_gmt":"2009-03-10T18:22:40","guid":{"rendered":"http:\/\/preprod.meltem-int.com\/marie\/blog\/?p=84"},"modified":"2009-03-10T18:22:40","modified_gmt":"2009-03-10T18:22:40","slug":"84","status":"publish","type":"post","link":"https:\/\/www.associationdemarie.org\/blog\/84\/","title":{"rendered":"Vague"},"content":{"rendered":"<p class=\"MsoNormal\"><img loading=\"lazy\" decoding=\"async\" class=\"alignleft size-medium wp-image-86\" style=\"margin: 10px;\" title=\"vague1\" src=\"https:\/\/www.associationdemarie.org\/blog\/wp-content\/uploads\/2009\/05\/vague1-300x225.jpg\" alt=\"vague1\" width=\"300\" height=\"225\" srcset=\"https:\/\/www.associationdemarie.org\/blog\/wp-content\/uploads\/2009\/05\/vague1-300x225.jpg 300w, https:\/\/www.associationdemarie.org\/blog\/wp-content\/uploads\/2009\/05\/vague1.jpg 800w\" sizes=\"auto, (max-width: 300px) 100vw, 300px\" \/>\u00ab\u00a0<em>Vous formerez ni une communaut\u00e9, ni quoi que ce soit en ce style ; vous serez une vague d\u00e9ferlante sur ce monde pour affranchir l&rsquo;homme \u00e0 sa vraie raison de vivre.<\/em><\/p>\n<p><em> Mais au sein de cette tr\u00e8s grande mission, il faut que vous appreniez \u00e0 vous ouvrir \u00e0 l&rsquo;appel Divin dans une pri\u00e8re alliant l&rsquo;humilit\u00e9, l&rsquo;amour, l&rsquo;\u00e9quit\u00e9 et le respect de Dieu le P\u00e8re en toute chose.<\/em><\/p>\n<p class=\"MsoNormal\"><em>Relisez les messages qui vous seront transmis et impr\u00e9gnez-vous du sens profond, alors oui, vous serez ouverts et \u00e0 l&rsquo;\u00e9coute Divine et vous agirez sur votre comportement, aujourd&rsquo;hui ferm\u00e9 \u00e0 l&rsquo;\u00e9coute d&rsquo;autrui, mais ouvert \u00e0 vos valeurs personnelles et \u00e9go\u00efstement mat\u00e9rielles<\/em>.\u00a0\u00bb<\/p>\n<p>Marie M\u00e8re des hommes &#8211; ao\u00fbt 1994<\/p>\n","protected":false},"excerpt":{"rendered":"<p>\u00ab\u00a0Vous formerez ni une communaut\u00e9, ni quoi que ce soit en ce style ; vous serez une vague d\u00e9ferlante sur ce monde pour affranchir l&rsquo;homme \u00e0 sa vraie raison de vivre. Mais au sein de cette tr\u00e8s grande mission, il faut que vous appreniez \u00e0 vous ouvrir \u00e0 l&rsquo;appel Divin dans une pri\u00e8re alliant l&rsquo;humilit\u00e9, [&hellip;]<\/p>\n","protected":false},"author":2,"featured_media":0,"comment_status":"closed","ping_status":"closed","sticky":false,"template":"","format":"standard","meta":{"footnotes":""},"categories":[14,19],"tags":[295,830,1171],"class_list":["post-84","post","type-post","status-publish","format-standard","hentry","category-groupe-prieres","category-messages","tag-dieu","tag-priere","tag-vague"],"_links":{"self":[{"href":"https:\/\/www.associationdemarie.org\/blog\/wp-json\/wp\/v2\/posts\/84","targetHints":{"allow":["GET"]}}],"collection":[{"href":"https:\/\/www.associationdemarie.org\/blog\/wp-json\/wp\/v2\/posts"}],"about":[{"href":"https:\/\/www.associationdemarie.org\/blog\/wp-json\/wp\/v2\/types\/post"}],"author":[{"embeddable":true,"href":"https:\/\/www.associationdemarie.org\/blog\/wp-json\/wp\/v2\/users\/2"}],"replies":[{"embeddable":true,"href":"https:\/\/www.associationdemarie.org\/blog\/wp-json\/wp\/v2\/comments?post=84"}],"version-history":[{"count":0,"href":"https:\/\/www.associationdemarie.org\/blog\/wp-json\/wp\/v2\/posts\/84\/revisions"}],"wp:attachment":[{"href":"https:\/\/www.associationdemarie.org\/blog\/wp-json\/wp\/v2\/media?parent=84"}],"wp:term":[{"taxonomy":"category","embeddable":true,"href":"https:\/\/www.associationdemarie.org\/blog\/wp-json\/wp\/v2\/categories?post=84"},{"taxonomy":"post_tag","embeddable":true,"href":"https:\/\/www.associationdemarie.org\/blog\/wp-json\/wp\/v2\/tags?post=84"}],"curies":[{"name":"wp","href":"https:\/\/api.w.org\/{rel}","templated":true}]}}