{"id":8383,"date":"2013-10-31T01:20:49","date_gmt":"2013-10-31T00:20:49","guid":{"rendered":"http:\/\/www.associationdemarie.org\/blog\/?p=8383"},"modified":"2013-10-16T07:25:09","modified_gmt":"2013-10-16T06:25:09","slug":"intentions-de-priere-du-pape-francois-novembre-2013","status":"publish","type":"post","link":"https:\/\/www.associationdemarie.org\/blog\/intentions-de-priere-du-pape-francois-novembre-2013\/","title":{"rendered":"Intentions de pri\u00e8re du Pape Fran\u00e7ois &#8211; novembre 2013"},"content":{"rendered":"<p><strong>Universelle : Les pr\u00eatres en souffrance<\/strong><br \/>\nPour que les pr\u00eatres qui font l&rsquo;exp\u00e9rience de difficult\u00e9s soient r\u00e9confort\u00e9s dans leurs souffrances,\u00a0soutenus dans leurs doutes et confirm\u00e9s dans leur fid\u00e9lit\u00e9.<\/p>\n<p><strong>Pour l&rsquo;\u00e9vang\u00e9lisation : Les Eglises d&rsquo;Am\u00e9rique latine<\/strong><br \/>\nPour que les Eglises d&rsquo;Am\u00e9rique latine envoient des missionnaires dans d&rsquo;autres Eglises,\u00a0comme fruit de la mission continentale.<\/p>\n<p style=\"text-align: center;\"><a href=\"https:\/\/www.associationdemarie.org\/blog\/wp-content\/uploads\/2013\/10\/pape-Fran\u00e7ois.jpg\"><img loading=\"lazy\" decoding=\"async\" class=\"aligncenter  wp-image-8384\" alt=\"pape Fran\u00e7ois\" src=\"https:\/\/www.associationdemarie.org\/blog\/wp-content\/uploads\/2013\/10\/pape-Fran\u00e7ois.jpg\" width=\"464\" height=\"232\" srcset=\"https:\/\/www.associationdemarie.org\/blog\/wp-content\/uploads\/2013\/10\/pape-Fran\u00e7ois.jpg 580w, https:\/\/www.associationdemarie.org\/blog\/wp-content\/uploads\/2013\/10\/pape-Fran\u00e7ois-300x150.jpg 300w\" sizes=\"auto, (max-width: 464px) 100vw, 464px\" \/><\/a><\/p>\n<p>&nbsp;<\/p>\n<p>&nbsp;<\/p>\n<p>&nbsp;<\/p>\n","protected":false},"excerpt":{"rendered":"<p>Universelle : Les pr\u00eatres en souffrance Pour que les pr\u00eatres qui font l&rsquo;exp\u00e9rience de difficult\u00e9s soient r\u00e9confort\u00e9s dans leurs souffrances,\u00a0soutenus dans leurs doutes et confirm\u00e9s dans leur fid\u00e9lit\u00e9. Pour l&rsquo;\u00e9vang\u00e9lisation : Les Eglises d&rsquo;Am\u00e9rique latine Pour que les Eglises d&rsquo;Am\u00e9rique latine envoient des missionnaires dans d&rsquo;autres Eglises,\u00a0comme fruit de la mission continentale. &nbsp; &nbsp; &nbsp;<\/p>\n","protected":false},"author":2,"featured_media":0,"comment_status":"closed","ping_status":"closed","sticky":false,"template":"","format":"standard","meta":{"footnotes":""},"categories":[2,3,14],"tags":[336,387,502,761,826],"class_list":["post-8383","post","type-post","status-publish","format-standard","hentry","category-actualites","category-liturgique","category-groupe-prieres","tag-eglise","tag-evangelisation","tag-intention-de-prieres","tag-pape-francois","tag-pretre"],"_links":{"self":[{"href":"https:\/\/www.associationdemarie.org\/blog\/wp-json\/wp\/v2\/posts\/8383","targetHints":{"allow":["GET"]}}],"collection":[{"href":"https:\/\/www.associationdemarie.org\/blog\/wp-json\/wp\/v2\/posts"}],"about":[{"href":"https:\/\/www.associationdemarie.org\/blog\/wp-json\/wp\/v2\/types\/post"}],"author":[{"embeddable":true,"href":"https:\/\/www.associationdemarie.org\/blog\/wp-json\/wp\/v2\/users\/2"}],"replies":[{"embeddable":true,"href":"https:\/\/www.associationdemarie.org\/blog\/wp-json\/wp\/v2\/comments?post=8383"}],"version-history":[{"count":1,"href":"https:\/\/www.associationdemarie.org\/blog\/wp-json\/wp\/v2\/posts\/8383\/revisions"}],"predecessor-version":[{"id":8385,"href":"https:\/\/www.associationdemarie.org\/blog\/wp-json\/wp\/v2\/posts\/8383\/revisions\/8385"}],"wp:attachment":[{"href":"https:\/\/www.associationdemarie.org\/blog\/wp-json\/wp\/v2\/media?parent=8383"}],"wp:term":[{"taxonomy":"category","embeddable":true,"href":"https:\/\/www.associationdemarie.org\/blog\/wp-json\/wp\/v2\/categories?post=8383"},{"taxonomy":"post_tag","embeddable":true,"href":"https:\/\/www.associationdemarie.org\/blog\/wp-json\/wp\/v2\/tags?post=8383"}],"curies":[{"name":"wp","href":"https:\/\/api.w.org\/{rel}","templated":true}]}}