{"id":8312,"date":"2013-10-16T01:41:00","date_gmt":"2013-10-16T01:41:00","guid":{"rendered":"http:\/\/preprod.meltem-int.com\/marie\/blog\/?p=8312"},"modified":"2013-10-16T01:41:00","modified_gmt":"2013-10-16T01:41:00","slug":"marie-la-premiere-et-la-meilleure-chretienne","status":"publish","type":"post","link":"https:\/\/www.associationdemarie.org\/blog\/marie-la-premiere-et-la-meilleure-chretienne\/","title":{"rendered":"MARIE, LA PREMI\u00c8RE ET LA MEILLEURE CHR\u00c9TIENNE"},"content":{"rendered":"<div><a href=\"https:\/\/www.associationdemarie.org\/blog\/wp-content\/uploads\/2013\/10\/Maria-de-Faykod-carrare.jpg\"><img loading=\"lazy\" decoding=\"async\" class=\"aligncenter size-medium wp-image-8313\" alt=\"Maria de Faykod , carrare\" src=\"https:\/\/www.associationdemarie.org\/blog\/wp-content\/uploads\/2013\/10\/Maria-de-Faykod-carrare-218x300.jpg\" width=\"218\" height=\"300\" srcset=\"https:\/\/www.associationdemarie.org\/blog\/wp-content\/uploads\/2013\/10\/Maria-de-Faykod-carrare-218x300.jpg 218w, https:\/\/www.associationdemarie.org\/blog\/wp-content\/uploads\/2013\/10\/Maria-de-Faykod-carrare.jpg 524w\" sizes=\"auto, (max-width: 218px) 100vw, 218px\" \/><\/a><\/div>\n<div><span style=\"color: #ffffff;\">.<\/span><\/div>\n<div>Aucun \u00eatre humain n&rsquo; a \u00e9t\u00e9 plus proche de J\u00e9sus que la Vierge.<\/div>\n<div>Elle L&rsquo;a port\u00e9 et L&rsquo;a mis au monde. Elle Lui a donn\u00e9 Ses traits ; Il devait Lui ressembler. \u00a0Elle L&rsquo;a aim\u00e9 comme une m\u00e8re aime son fils : son premier-n\u00e9, son unique. Elle a \u00e9t\u00e9 Son \u00e9ducatrice et c&rsquo;est d&rsquo;Elle qu&rsquo; Il a appris les magnifiques pri\u00e8res d&rsquo;Isra\u00ebl.<\/div>\n<div>Une femme, un jour, a dit \u00e0 J\u00e9sus : \u00ab\u00a0Heureuse la M\u00e8re qui T&rsquo;a port\u00e9 dans ses entrailles et qui T&rsquo;a nourri de son lait\u00a0\u00bb (Saint Luc 11, 27). Cette louange est aussi celle de l&rsquo;Eglise ; elle est aussi la n\u00f4tre.<\/div>\n<div>Mais, si Elle a \u00e9t\u00e9 une \u00e9ducatrice pour J\u00e9sus, Celui-ci par un myst\u00e9rieux retour des choses a \u00e9t\u00e9 Son Ma\u00eetre.\u00a0<b>Elle s&rsquo;est mise \u00e0 Son \u00e9cole, \u00e9coutant Ses paroles, observant et retenant Ses gestes et Ses actions, gardant tout cela et le m\u00e9ditant au plus profond d&rsquo;Elle-m\u00eame. Elle a \u00e9t\u00e9 la premi\u00e8re et aussi la meilleure chr\u00e9tienne et Elle a vraiment m\u00e9rit\u00e9 la parole de Son Fils : \u00ab\u00a0Heureux qui \u00e9coute la Parole de Dieu et la met en pratique\u00a0\u00bb.<\/b>\u00a0(Saint Luc 11, 28)\u00a0\u00bb.<\/div>\n<div><span style=\"color: #ffffff;\">\u00a0.<\/span><\/div>\n<div><i>Monseigneur Jean-Paul Vincent (ancien \u00e9v\u00eaque de Bayonne) \u00a0<\/i><\/div>\n<div><i>Hom\u00e9lie du 15 ao\u00fbt 1972 au Puy-en-Velay\u00a0<\/i><\/div>\n<div><span style=\"color: #ffffff;\">.<\/span><\/div>\n<div><span style=\"color: #ffffff;\">.<\/span><\/div>\n<div><\/div>\n<div><\/div>\n<div><\/div>\n<div><\/div>\n","protected":false},"excerpt":{"rendered":"<p>. Aucun \u00eatre humain n&rsquo; a \u00e9t\u00e9 plus proche de J\u00e9sus que la Vierge. Elle L&rsquo;a port\u00e9 et L&rsquo;a mis au monde. Elle Lui a donn\u00e9 Ses traits ; Il devait Lui ressembler. \u00a0Elle L&rsquo;a aim\u00e9 comme une m\u00e8re aime son fils : son premier-n\u00e9, son unique. Elle a \u00e9t\u00e9 Son \u00e9ducatrice et c&rsquo;est d&rsquo;Elle [&hellip;]<\/p>\n","protected":false},"author":2,"featured_media":0,"comment_status":"closed","ping_status":"closed","sticky":false,"template":"","format":"standard","meta":{"footnotes":""},"categories":[3,13,15],"tags":[1382,512,636,1055],"class_list":["post-8312","post","type-post","status-publish","format-standard","hentry","category-liturgique","category-ecritures","category-histoire","tag-ecritures","tag-israel","tag-marie","tag-st-luc"],"_links":{"self":[{"href":"https:\/\/www.associationdemarie.org\/blog\/wp-json\/wp\/v2\/posts\/8312","targetHints":{"allow":["GET"]}}],"collection":[{"href":"https:\/\/www.associationdemarie.org\/blog\/wp-json\/wp\/v2\/posts"}],"about":[{"href":"https:\/\/www.associationdemarie.org\/blog\/wp-json\/wp\/v2\/types\/post"}],"author":[{"embeddable":true,"href":"https:\/\/www.associationdemarie.org\/blog\/wp-json\/wp\/v2\/users\/2"}],"replies":[{"embeddable":true,"href":"https:\/\/www.associationdemarie.org\/blog\/wp-json\/wp\/v2\/comments?post=8312"}],"version-history":[{"count":0,"href":"https:\/\/www.associationdemarie.org\/blog\/wp-json\/wp\/v2\/posts\/8312\/revisions"}],"wp:attachment":[{"href":"https:\/\/www.associationdemarie.org\/blog\/wp-json\/wp\/v2\/media?parent=8312"}],"wp:term":[{"taxonomy":"category","embeddable":true,"href":"https:\/\/www.associationdemarie.org\/blog\/wp-json\/wp\/v2\/categories?post=8312"},{"taxonomy":"post_tag","embeddable":true,"href":"https:\/\/www.associationdemarie.org\/blog\/wp-json\/wp\/v2\/tags?post=8312"}],"curies":[{"name":"wp","href":"https:\/\/api.w.org\/{rel}","templated":true}]}}