{"id":8289,"date":"2013-10-12T01:21:19","date_gmt":"2013-10-12T01:21:19","guid":{"rendered":"http:\/\/preprod.meltem-int.com\/marie\/blog\/?p=8289"},"modified":"2013-10-12T01:21:19","modified_gmt":"2013-10-12T01:21:19","slug":"prochaine-rencontre-19","status":"publish","type":"post","link":"https:\/\/www.associationdemarie.org\/blog\/prochaine-rencontre-19\/","title":{"rendered":"Prochaine rencontre"},"content":{"rendered":"<p><a href=\"https:\/\/www.associationdemarie.org\/blog\/wp-content\/uploads\/2011\/06\/Marie-dArdouane.jpg\"><img loading=\"lazy\" decoding=\"async\" class=\"wp-image-3341 alignright\" alt=\"Marie d'Ardouane\" src=\"https:\/\/www.associationdemarie.org\/blog\/wp-content\/uploads\/2011\/06\/Marie-dArdouane.jpg\" width=\"211\" height=\"300\" srcset=\"https:\/\/www.associationdemarie.org\/blog\/wp-content\/uploads\/2011\/06\/Marie-dArdouane.jpg 351w, https:\/\/www.associationdemarie.org\/blog\/wp-content\/uploads\/2011\/06\/Marie-dArdouane-210x300.jpg 210w\" sizes=\"auto, (max-width: 211px) 100vw, 211px\" \/><\/a><strong>Dimanche 20 octobre : <\/strong><\/p>\n<p><strong>En Ardouane<\/strong><\/p>\n<p><strong><span style=\"color: #ffffff;\">.<\/span><\/strong><br \/>\n<strong> Messe \u00e0 Lamalou-les-Bains \u00e0 10h30. Pensez aux pliants&#8230;\u00a0<\/strong><\/p>\n<p><span style=\"color: #ffffff;\">.<\/span><\/p>\n<div>\n<div>\n<div>\n<p><em>Je reviens le mois prochain et vous convie \u00e0 obtenir certaines r\u00e9ponses que vous esp\u00e9rez. Nous nous retrouverons en ma Maison prochaine. Et je vous demande de reprendre votre soutien \u00e0 l\u2019Afrique profonde et croyante.<\/em><\/p>\n<p><em>Mes enfants, je suis digne de vous quand vous m\u2019accordez votre faveur et vos pri\u00e8res. Soyez dignes en ces instants d\u2019osmose et de connaissance.<\/em><\/p>\n<p><em>Je suis Marie m\u00e8re des hommes, pour vous insuffler la pens\u00e9e positive de l\u2019Amour et de la Paix. Je suis servante aupr\u00e8s du Seigneur et je vous ferai sentir l\u2019odeur des roses c\u00e9lestes \u00e0 notre prochaine rencontre.<\/em><\/p>\n<\/div>\n<\/div>\n<div>\n<div>\n<p><em>Marie M\u00e8re des hommes &#8211; septembre 2013<\/em><\/p>\n<p>&nbsp;<\/p>\n<p>&nbsp;<\/p>\n<p>&nbsp;<\/p>\n<p>&nbsp;<\/p>\n<p>&nbsp;<\/p>\n<\/div>\n<\/div>\n<\/div>\n","protected":false},"excerpt":{"rendered":"<p>Dimanche 20 octobre : En Ardouane . Messe \u00e0 Lamalou-les-Bains \u00e0 10h30. Pensez aux pliants&#8230;\u00a0 . Je reviens le mois prochain et vous convie \u00e0 obtenir certaines r\u00e9ponses que vous esp\u00e9rez. Nous nous retrouverons en ma Maison prochaine. Et je vous demande de reprendre votre soutien \u00e0 l\u2019Afrique profonde et croyante. Mes enfants, je suis [&hellip;]<\/p>\n","protected":false},"author":2,"featured_media":0,"comment_status":"closed","ping_status":"closed","sticky":false,"template":"","format":"standard","meta":{"footnotes":""},"categories":[2,5,14,17],"tags":[99,640,668,881,903],"class_list":["post-8289","post","type-post","status-publish","format-standard","hentry","category-actualites","category-bulletin","category-groupe-prieres","category-maison-de-marie-dardouane","tag-ardouane","tag-marie-mere-des-hommes","tag-message","tag-rencontres","tag-rose"],"_links":{"self":[{"href":"https:\/\/www.associationdemarie.org\/blog\/wp-json\/wp\/v2\/posts\/8289","targetHints":{"allow":["GET"]}}],"collection":[{"href":"https:\/\/www.associationdemarie.org\/blog\/wp-json\/wp\/v2\/posts"}],"about":[{"href":"https:\/\/www.associationdemarie.org\/blog\/wp-json\/wp\/v2\/types\/post"}],"author":[{"embeddable":true,"href":"https:\/\/www.associationdemarie.org\/blog\/wp-json\/wp\/v2\/users\/2"}],"replies":[{"embeddable":true,"href":"https:\/\/www.associationdemarie.org\/blog\/wp-json\/wp\/v2\/comments?post=8289"}],"version-history":[{"count":0,"href":"https:\/\/www.associationdemarie.org\/blog\/wp-json\/wp\/v2\/posts\/8289\/revisions"}],"wp:attachment":[{"href":"https:\/\/www.associationdemarie.org\/blog\/wp-json\/wp\/v2\/media?parent=8289"}],"wp:term":[{"taxonomy":"category","embeddable":true,"href":"https:\/\/www.associationdemarie.org\/blog\/wp-json\/wp\/v2\/categories?post=8289"},{"taxonomy":"post_tag","embeddable":true,"href":"https:\/\/www.associationdemarie.org\/blog\/wp-json\/wp\/v2\/tags?post=8289"}],"curies":[{"name":"wp","href":"https:\/\/api.w.org\/{rel}","templated":true}]}}