{"id":8252,"date":"2013-10-08T01:54:39","date_gmt":"2013-10-08T01:54:39","guid":{"rendered":"http:\/\/preprod.meltem-int.com\/marie\/blog\/?p=8252"},"modified":"2013-10-08T01:54:39","modified_gmt":"2013-10-08T01:54:39","slug":"marie-comblee-de-grace","status":"publish","type":"post","link":"https:\/\/www.associationdemarie.org\/blog\/marie-comblee-de-grace\/","title":{"rendered":"Marie combl\u00e9e de gr\u00e2ce"},"content":{"rendered":"<p><a href=\"https:\/\/www.associationdemarie.org\/blog\/wp-content\/uploads\/2013\/09\/StellaMarisiconbyDrStephaneRenecomm.jpg\"><img loading=\"lazy\" decoding=\"async\" class=\"alignleft  wp-image-8253\" alt=\"StellaMarisiconbyDrStephaneRenecomm\" src=\"https:\/\/www.associationdemarie.org\/blog\/wp-content\/uploads\/2013\/09\/StellaMarisiconbyDrStephaneRenecomm.jpg\" width=\"215\" height=\"473\" \/><\/a>Enlevez Marie, que reste-t-il, sinon une profonde obscurit\u00e9, une ombre de mort\u2026?<\/p>\n<div><b>S&rsquo;il est en nous quelque esp\u00e9rance, quelque gr\u00e2ce, quelque gage de salut, reconnaissons que tout cela d\u00e9borde sur nous de Celle qui est combl\u00e9e de d\u00e9lices\u2026<\/b><\/div>\n<div><\/div>\n<div>Otez ce soleil qui \u00e9claire le monde, c&rsquo;en est fait du jour. Enlevez Marie, cette \u00e9toile de la mer, de notre grande et vaste mer, que reste-t-il, sinon une profonde obscurit\u00e9, une ombre de mort et d&rsquo;\u00e9paisses t\u00e9n\u00e8bres ?<\/div>\n<div><\/div>\n<div>C&rsquo;est donc du plus intime de nos c\u0153urs, du fond m\u00eame de nos entrailles et de tous nos v\u0153ux que nous devons honorer la Vierge Marie ; car c&rsquo;est la volont\u00e9 de Celui qui a voulu que nous ayons tout par Elle \u00bb.<\/div>\n<div><\/div>\n<div>Fort de cette doctrine, nous n&rsquo;h\u00e9sitons pas \u00e0 formuler que l&rsquo;ap\u00f4tre quoi qu&rsquo;il fasse pour son salut et son progr\u00e8s spirituel et pour la f\u00e9condit\u00e9 de son apostolat, risque de ne b\u00e2tir que sur du sable, si son activit\u00e9 ne repose pas sur une tr\u00e8s sp\u00e9ciale d\u00e9votion \u00e0 Notre Dame.<\/div>\n<p><i>Dom J.B. Chautard\u00a0<\/i><br \/>\n<i>Extrait de L&rsquo;\u00e2me de tout apostolat (dernier chapitre), Edition T\u00e9qui, Paris 1920<\/i><\/p>\n<p>&nbsp;<\/p>\n<p>&nbsp;<\/p>\n<p>&nbsp;<\/p>\n","protected":false},"excerpt":{"rendered":"<p>Enlevez Marie, que reste-t-il, sinon une profonde obscurit\u00e9, une ombre de mort\u2026? S&rsquo;il est en nous quelque esp\u00e9rance, quelque gr\u00e2ce, quelque gage de salut, reconnaissons que tout cela d\u00e9borde sur nous de Celle qui est combl\u00e9e de d\u00e9lices\u2026 Otez ce soleil qui \u00e9claire le monde, c&rsquo;en est fait du jour. Enlevez Marie, cette \u00e9toile de [&hellip;]<\/p>\n","protected":false},"author":2,"featured_media":0,"comment_status":"closed","ping_status":"closed","sticky":false,"template":"","format":"standard","meta":{"footnotes":""},"categories":[3,14,28],"tags":[293,636,718,1113],"class_list":["post-8252","post","type-post","status-publish","format-standard","hentry","category-liturgique","category-groupe-prieres","category-saints-et-saintes","tag-devotion","tag-marie","tag-notre-dame","tag-stella-maris"],"_links":{"self":[{"href":"https:\/\/www.associationdemarie.org\/blog\/wp-json\/wp\/v2\/posts\/8252","targetHints":{"allow":["GET"]}}],"collection":[{"href":"https:\/\/www.associationdemarie.org\/blog\/wp-json\/wp\/v2\/posts"}],"about":[{"href":"https:\/\/www.associationdemarie.org\/blog\/wp-json\/wp\/v2\/types\/post"}],"author":[{"embeddable":true,"href":"https:\/\/www.associationdemarie.org\/blog\/wp-json\/wp\/v2\/users\/2"}],"replies":[{"embeddable":true,"href":"https:\/\/www.associationdemarie.org\/blog\/wp-json\/wp\/v2\/comments?post=8252"}],"version-history":[{"count":0,"href":"https:\/\/www.associationdemarie.org\/blog\/wp-json\/wp\/v2\/posts\/8252\/revisions"}],"wp:attachment":[{"href":"https:\/\/www.associationdemarie.org\/blog\/wp-json\/wp\/v2\/media?parent=8252"}],"wp:term":[{"taxonomy":"category","embeddable":true,"href":"https:\/\/www.associationdemarie.org\/blog\/wp-json\/wp\/v2\/categories?post=8252"},{"taxonomy":"post_tag","embeddable":true,"href":"https:\/\/www.associationdemarie.org\/blog\/wp-json\/wp\/v2\/tags?post=8252"}],"curies":[{"name":"wp","href":"https:\/\/api.w.org\/{rel}","templated":true}]}}