{"id":8221,"date":"2013-10-04T01:06:00","date_gmt":"2013-10-04T01:06:00","guid":{"rendered":"http:\/\/preprod.meltem-int.com\/marie\/blog\/?p=8221"},"modified":"2013-10-04T01:06:00","modified_gmt":"2013-10-04T01:06:00","slug":"st-francois-dassise-fondateur-o-f-m-1182-1226","status":"publish","type":"post","link":"https:\/\/www.associationdemarie.org\/blog\/st-francois-dassise-fondateur-o-f-m-1182-1226\/","title":{"rendered":"St Fran\u00e7ois d&rsquo;Assise, fondateur o.f.m. (1182-1226)"},"content":{"rendered":"<p><a href=\"https:\/\/www.associationdemarie.org\/blog\/wp-content\/uploads\/2013\/09\/St-Fran\u00e7ois.jpg\"><img loading=\"lazy\" decoding=\"async\" class=\"size-full wp-image-8222 alignleft\" alt=\"St Fran\u00e7ois\" src=\"https:\/\/www.associationdemarie.org\/blog\/wp-content\/uploads\/2013\/09\/St-Fran\u00e7ois.jpg\" width=\"180\" height=\"271\" \/><\/a>La vie de saint Fran\u00e7ois d&rsquo;Assise est la condamnation des sages du monde, qui regardent comme un scandale et une folie l&rsquo;humilit\u00e9 de la croix.<\/p>\n<p>\u00ab\u00a0<em>Surgit au monde un soleil<\/em>\u00a0\u00bb. A travers ces paroles, dans la Divine Com\u00e9die (Paradis, chant XI), le plus grand po\u00e8te italien Dante Alighieri \u00e9voque la naissance de Fran\u00e7ois.<\/p>\n<div>\n<table border=\"0\" cellspacing=\"0\" cellpadding=\"0\" align=\"left\">\n<tbody>\n<tr>\n<td align=\"left\" valign=\"top\">F<\/td>\n<\/tr>\n<\/tbody>\n<\/table>\n<\/div>\n<p>ran\u00e7ois\u00a0naquit \u00e0 Assise, en Ombrie, \u00e0 la fin de 1181 ou au d\u00e9but de 1182. Comme ses parents, qui \u00e9taient marchands, faisaient beaucoup de commerce avec les fran\u00e7ais, ils lui firent apprendre la langue fran\u00e7aise et il parvint \u00e0 la parler si parfaitement, qu&rsquo;on lui donna le nom de Fran\u00e7ois, quoiqu&rsquo;il e\u00fbt re\u00e7u celui de Jean au bapt\u00eame.<\/p>\n<p>Sa naissance avait \u00e9t\u00e9 marqu\u00e9e par une merveille : d&rsquo;apr\u00e8s un avis du Ciel, sa m\u00e8re le mit au monde sur la paille d&rsquo;une \u00e9table. Dieu voulait qu&rsquo;il f\u00fbt, d\u00e8s le premier moment, l&rsquo;imitateur de Celui qui eut pour berceau une cr\u00e8che et est mort sur une croix.<\/p>\n<p>Les premi\u00e8res ann\u00e9es de Fran\u00e7ois se pass\u00e8rent pourtant dans la dissipation ; il aimait la beaut\u00e9 des v\u00eatements, recherchait l&rsquo;\u00e9clat des f\u00eates, traitait comme un prince ses compagnons, avait la passion de la grandeur ; au milieu de ce mouvement frivole, il conserva toujours sa chastet\u00e9.<\/p>\n<p>Il avait une grande compassion pour les pauvres. Ayant refus\u00e9 un jour l&rsquo;aum\u00f4ne \u00e0 un malheureux, il s&rsquo;en repentit aussit\u00f4t et jura de ne plus refuser \u00e0 quiconque lui demanderait au nom de Dieu. Apr\u00e8s des h\u00e9sitations, Fran\u00e7ois finit par comprendre la volont\u00e9 de Dieu sur lui et se voua \u00e0 la pratique de cette parole qu&rsquo;il a r\u00e9alis\u00e9e plus que tout autre saint : \u00ab\u00a0<em>Si quelqu&rsquo;un veut venir \u00e0 ma suite, qu&rsquo;il renonce \u00e0 lui-m\u00eame, qu&rsquo;il prenne sa croix chaque jour et qu&rsquo;il me suive !<\/em>\u00a0\u00bb (<em>Lc 9,23<\/em>).<\/p>\n<p>Sa conversion fut accompagn\u00e9e de plus d&rsquo;un prodige : un crucifix lui adressa la parole ; un peu plus tard, il gu\u00e9rit plusieurs l\u00e9preux en baisant leurs plaies. Son p\u00e8re fit une guerre acharn\u00e9e \u00e0 cette vocation extraordinaire, qui avait fait de son fils, si plein d&rsquo;esp\u00e9rance, un mendiant jug\u00e9 fou par le monde. Fran\u00e7ois se d\u00e9pouilla de tous ses v\u00eatements, ne gardant qu&rsquo;un cilice, et les remit \u00e0 son p\u00e8re en disant : \u00ab\u00a0<em>D\u00e9sormais je pourrai dire avec plus de v\u00e9rit\u00e9 : Notre P\u00e8re, qui \u00eates aux cieux.<\/em>\u00a0\u00bb<\/p>\n<p>Un jour, il entendit, \u00e0 l&rsquo;\u00e9vangile de la messe, ces paroles du sauveur : \u00ab\u00a0<em>Ne portez ni or ni argent, ni aucune monnaie dans votre bourse, ni sac, ni deux v\u00eatements, ni souliers, ni b\u00e2tons.\u00a0<\/em>\u00bb (<em>Mt 10,9-10<\/em>). D\u00e8s lors, il commen\u00e7a cette vie tout ang\u00e9lique et tout apostolique dont il devait lever l&rsquo;\u00e9tendard sur le monde. On vit, \u00e0 sa parole, des foules se convertir ; bient\u00f4t les disciples afflu\u00e8rent sous sa conduite ; il fonda un ordre de religieux qui porta son nom, et un ordre de religieuses qui porte le nom de sainte Claire, la digne imitatrice de Fran\u00e7ois.<\/p>\n<p>En 1224, dans l&rsquo;ermitage de la Verna, Fran\u00e7ois vit le Crucifi\u00e9 sous la forme d&rsquo;un s\u00e9raphin et de cette rencontre avec le s\u00e9raphin crucifi\u00e9, il re\u00e7ut les stigmates\u00a0; il devint ainsi un avec le Christ crucifi\u00e9\u00a0: un don qui exprime donc son intime identification avec le Seigneur.<\/p>\n<p>La mort de Fran\u00e7ois &#8211; son\u00a0<em>transitus<\/em>\u00a0&#8211; advint le soir du 3 octobre 1226, \u00e0 la Portioncule. Apr\u00e8s avoir b\u00e9ni ses fils spirituels, il mourut, \u00e9tendu sur la terre nue.<\/p>\n<p><em>Deux ann\u00e9es plus tard, le Pape Gr\u00e9goire IX<\/em>\u00a0(Ugolino dei Conti di Segni, 1227-1241)\u00a0<em>l&rsquo;inscrivit dans l&rsquo;album des saints.<\/em>Peu de temps apr\u00e8s, une grande basilique fut \u00e9lev\u00e9e en son honneur, \u00e0 Assise, destination encore aujourd&rsquo;hui de nombreux p\u00e8lerins, qui peuvent v\u00e9n\u00e9rer la tombe du saint et jouir de la vision des fresques de Giotto, le peintre qui a illustr\u00e9 de mani\u00e8re magnifique la vie de Fran\u00e7ois.<\/p>\n<p align=\"center\">Pour approfondir, lire\u00a0la Cat\u00e9ch\u00e8se du Pape Beno\u00eet XVI<\/p>\n<p align=\"center\"><a href=\"http:\/\/www.vatican.va\/holy_father\/benedict_xvi\/audiences\/2010\/documents\/hf_ben-xvi_aud_20100127_fr.html\">\u00a0&gt;&gt;&gt;\u00a0Saint Fran\u00e7ois d&rsquo;Assise<\/a><\/p>\n<p align=\"center\"><a href=\"https:\/\/www.associationdemarie.org\/blog\/wp-content\/uploads\/2013\/10\/Saint-Fran-ois-priere-simple.jpeg\"><img loading=\"lazy\" decoding=\"async\" class=\"aligncenter size-full wp-image-8226\" alt=\"Saint-Fran-ois-priere-simple\" src=\"https:\/\/www.associationdemarie.org\/blog\/wp-content\/uploads\/2013\/10\/Saint-Fran-ois-priere-simple.jpeg\" width=\"307\" height=\"450\" srcset=\"https:\/\/www.associationdemarie.org\/blog\/wp-content\/uploads\/2013\/10\/Saint-Fran-ois-priere-simple.jpeg 307w, https:\/\/www.associationdemarie.org\/blog\/wp-content\/uploads\/2013\/10\/Saint-Fran-ois-priere-simple-204x300.jpeg 204w\" sizes=\"auto, (max-width: 307px) 100vw, 307px\" \/><\/a><\/p>\n","protected":false},"excerpt":{"rendered":"<p>La vie de saint Fran\u00e7ois d&rsquo;Assise est la condamnation des sages du monde, qui regardent comme un scandale et une folie l&rsquo;humilit\u00e9 de la croix. \u00ab\u00a0Surgit au monde un soleil\u00a0\u00bb. A travers ces paroles, dans la Divine Com\u00e9die (Paradis, chant XI), le plus grand po\u00e8te italien Dante Alighieri \u00e9voque la naissance de Fran\u00e7ois. F ran\u00e7ois\u00a0naquit [&hellip;]<\/p>\n","protected":false},"author":2,"featured_media":0,"comment_status":"closed","ping_status":"closed","sticky":false,"template":"","format":"standard","meta":{"footnotes":""},"categories":[3,13,15,16,27,28],"tags":[142,1030],"class_list":["post-8221","post","type-post","status-publish","format-standard","hentry","category-liturgique","category-ecritures","category-histoire","category-jardins-de-la-bible","category-prieres","category-saints-et-saintes","tag-benoit-16","tag-st-francois-dassise"],"_links":{"self":[{"href":"https:\/\/www.associationdemarie.org\/blog\/wp-json\/wp\/v2\/posts\/8221","targetHints":{"allow":["GET"]}}],"collection":[{"href":"https:\/\/www.associationdemarie.org\/blog\/wp-json\/wp\/v2\/posts"}],"about":[{"href":"https:\/\/www.associationdemarie.org\/blog\/wp-json\/wp\/v2\/types\/post"}],"author":[{"embeddable":true,"href":"https:\/\/www.associationdemarie.org\/blog\/wp-json\/wp\/v2\/users\/2"}],"replies":[{"embeddable":true,"href":"https:\/\/www.associationdemarie.org\/blog\/wp-json\/wp\/v2\/comments?post=8221"}],"version-history":[{"count":0,"href":"https:\/\/www.associationdemarie.org\/blog\/wp-json\/wp\/v2\/posts\/8221\/revisions"}],"wp:attachment":[{"href":"https:\/\/www.associationdemarie.org\/blog\/wp-json\/wp\/v2\/media?parent=8221"}],"wp:term":[{"taxonomy":"category","embeddable":true,"href":"https:\/\/www.associationdemarie.org\/blog\/wp-json\/wp\/v2\/categories?post=8221"},{"taxonomy":"post_tag","embeddable":true,"href":"https:\/\/www.associationdemarie.org\/blog\/wp-json\/wp\/v2\/tags?post=8221"}],"curies":[{"name":"wp","href":"https:\/\/api.w.org\/{rel}","templated":true}]}}