{"id":8205,"date":"2013-10-01T01:00:50","date_gmt":"2013-10-01T01:00:50","guid":{"rendered":"http:\/\/preprod.meltem-int.com\/marie\/blog\/?p=8205"},"modified":"2013-10-01T01:00:50","modified_gmt":"2013-10-01T01:00:50","slug":"ste-therese-de-lenfant-jesus-carmelite-docteur-de-leglise-m","status":"publish","type":"post","link":"https:\/\/www.associationdemarie.org\/blog\/ste-therese-de-lenfant-jesus-carmelite-docteur-de-leglise-m\/","title":{"rendered":"Ste Th\u00e9r\u00e8se de l&rsquo;Enfant J\u00e9sus, carm\u00e9lite, docteur de l&rsquo;\u00c9glise (m)"},"content":{"rendered":"<div><a href=\"https:\/\/www.associationdemarie.org\/blog\/wp-content\/uploads\/2013\/09\/Sainte-therese-278x400.jpg\"><img loading=\"lazy\" decoding=\"async\" class=\"alignright  wp-image-8206\" alt=\"Sainte-therese-278x400\" src=\"https:\/\/www.associationdemarie.org\/blog\/wp-content\/uploads\/2013\/09\/Sainte-therese-278x400.jpg\" width=\"222\" height=\"320\" srcset=\"https:\/\/www.associationdemarie.org\/blog\/wp-content\/uploads\/2013\/09\/Sainte-therese-278x400.jpg 278w, https:\/\/www.associationdemarie.org\/blog\/wp-content\/uploads\/2013\/09\/Sainte-therese-278x400-208x300.jpg 208w\" sizes=\"auto, (max-width: 222px) 100vw, 222px\" \/><\/a><\/p>\n<table border=\"0\" cellspacing=\"0\" cellpadding=\"0\" align=\"left\">\n<tbody>\n<tr>\n<td align=\"left\" valign=\"top\">T<\/td>\n<\/tr>\n<\/tbody>\n<\/table>\n<p>h\u00e9r\u00e8se\u00a0Martin naquit \u00e0 Alen\u00e7on, en France, le 2 janvier 1873. Elle fut baptis\u00e9e deux jours plus tard en l&rsquo;\u00e9glise Notre-Dame, recevant les noms de Marie Fran\u00e7oise Th\u00e9r\u00e8se. Ses parents \u00e9taient Louis Martin et Z\u00e9lie Gu\u00e9rin (b\u00e9atifi\u00e9s le 19 octobre 2008 \u00e0 Lisieux). Apr\u00e8s la mort de sa m\u00e8re, le 28 ao\u00fbt 1877, Th\u00e9r\u00e8se s&rsquo;installa avec toute sa famille \u00e0 Lisieux. Vers la fin de 1879, elle s&rsquo;approche pour la premi\u00e8re fois du sacrement de la P\u00e9nitence.<\/p>\n<\/div>\n<p>Le jour de la Pentec\u00f4te 1883, elle re\u00e7oit la gr\u00e2ce insigne de la gu\u00e9rison d&rsquo;une grave maladie, par l&rsquo;intercession de Notre-Dame des Victoires. Form\u00e9e par les B\u00e9n\u00e9dictines de Lisieux, elle fait sa premi\u00e8re communion le 8 mai 1884, apr\u00e8s une pr\u00e9paration intense, couronn\u00e9e par une exp\u00e9rience tr\u00e8s vive de la gr\u00e2ce de l&rsquo;union intime avec le Christ. Quelques semaines apr\u00e8s, le 14 juin de la m\u00eame ann\u00e9e, elle re\u00e7oit le sacrement de la confirmation, accueillant en toute conscience le don de l&rsquo;Esprit Saint dans une participation personnelle \u00e0 la gr\u00e2ce de la Pentec\u00f4te. Elle avait le d\u00e9sir d&rsquo;entrer dans la vie contemplative, comme ses s\u0153urs Pauline et Marie, au Carmel de Lisieux, mais son jeune \u00e2ge l&rsquo;en emp\u00eachait.<\/p>\n<p>Pendant un voyage en Italie, apr\u00e8s avoir visit\u00e9 la Maison de Lorette et la Ville \u00e9ternelle, au cours de l&rsquo;audience accord\u00e9e par le Pape aux p\u00e8lerins du dioc\u00e8se de Lisieux le 20 novembre 1887, elle demanda \u00e0 L\u00e9on XIII (Vincenzo Pecci, 1878-1903), avec une audace filiale, de pouvoir entrer au Carmel \u00e0 l&rsquo;\u00e2ge de quinze ans. Le 9 avril 1888, elle entra au Carmel de Lisieux. Elle prit l&rsquo;habit le 10 janvier de l&rsquo;ann\u00e9e suivante et fit sa profession religieuse le 8 septembre 1890, en la f\u00eate de la Nativit\u00e9 de la Vierge Marie.<\/p>\n<p>Au Carmel, elle s&rsquo;engage sur le chemin de perfection trac\u00e9 par la M\u00e8re fondatrice, Th\u00e9r\u00e8se de J\u00e9sus, avec une ferveur et une fid\u00e9lit\u00e9 authentiques, par l&rsquo;accomplissement des divers services communautaires qui lui sont confi\u00e9s. \u00c9clair\u00e9e par la Parole de Dieu, \u00e9prouv\u00e9e tr\u00e8s vivement par la maladie de son p\u00e8re bien-aim\u00e9, Louis Martin, qui meurt le 29 juillet 1894, elle avance vers la saintet\u00e9, inspir\u00e9e par la lecture de l&rsquo;\u00c9vangile, pla\u00e7ant au centre de tout l&rsquo;amour.<\/p>\n<p>Dans ses manuscrits autobiographiques, Th\u00e9r\u00e8se nous a laiss\u00e9 non seulement les souvenirs de son enfance et de son adolescence, mais aussi le portrait de son \u00e2me, la description de ses exp\u00e9riences les plus intimes. Elle d\u00e9couvre et communique aux novices qui lui sont confi\u00e9es la petite voie de l&rsquo;enfance spirituelle ; elle re\u00e7oit comme un don sp\u00e9cial la charge d&rsquo;accompagner par le sacrifice et la pri\u00e8re deux \u00ab<em>fr\u00e8res missionnaires<\/em>\u00bb. Elle p\u00e9n\u00e8tre toujours plus le myst\u00e8re de l&rsquo;\u00c9glise et sent cro\u00eetre en elle sa vocation apostolique et missionnaire, pour attirer tout le monde \u00e0 sa suite, saisie par l&rsquo;amour du Christ, son unique \u00c9poux.<\/p>\n<p>Le 9 juin 1895, en la f\u00eate de la Tr\u00e8s Sainte Trinit\u00e9, elle s&rsquo;offre en victime d&rsquo;holocauste \u00e0 l&rsquo;Amour mis\u00e9ricordieux de Dieu. Elle r\u00e9dige alors le premier manuscrit autobiographique qu&rsquo;elle remet \u00e0 M\u00e8re Agn\u00e8s le jour de la f\u00eate de celle-ci, le 21 janvier 1896. Quelques mois apr\u00e8s, le 3 avril, dans la nuit entre le jeudi et le vendredi saints, elle souffre d&rsquo;une h\u00e9moptysie, premi\u00e8re manifestation de la maladie qui la conduira \u00e0 sa mort et qu&rsquo;elle accueille comme une myst\u00e9rieuse visite de l&rsquo;\u00c9poux divin. Elle entre alors dans une \u00e9preuve de la foi qui durera jusqu&rsquo;\u00e0 sa mort et dont elle donnera un t\u00e9moignage bouleversant dans ses \u00e9crits. Au mois de septembre, elle ach\u00e8ve le manuscrit B qui illustre de mani\u00e8re impressionnante la maturit\u00e9 dans la saintet\u00e9 \u00e0 laquelle elle est parvenue, en particulier par la d\u00e9couverte de sa vocation au c\u0153ur de l&rsquo;\u00c9glise.<\/p>\n<p>Alors que sa sant\u00e9 se d\u00e9grade et que le temps de l&rsquo;\u00e9preuve se poursuit, elle commence au mois de juin le manuscrit C d\u00e9di\u00e9 \u00e0 M\u00e8re Marie de Gonzague ; de nouvelles gr\u00e2ces l&rsquo;am\u00e8nent \u00e0 une plus haute perfection et elle d\u00e9couvre de nouvelles lumi\u00e8res pour la diffusion de son message dans l&rsquo;\u00c9glise au profit des \u00e2mes qui suivront sa voie. Le 8 juillet, elle est transf\u00e9r\u00e9e \u00e0 l&rsquo;infirmerie. Ses s\u0153urs et d&rsquo;autres religieuses recueillent ses paroles, tandis que s&rsquo;intensifient ses souffrances et ses \u00e9preuves, support\u00e9es avec patience, jusqu&rsquo;\u00e0 sa mort dans l&rsquo;apr\u00e8s-midi du 30 septembre 1897. \u00ab<em>Je ne meurs pas, j&rsquo;entre dans la vie<\/em>\u00bb, avait-elle \u00e9crit \u00e0 son fr\u00e8re spirituel missionnaire, l&rsquo;Abb\u00e9 M. Bellier. Ses derni\u00e8res paroles, \u00ab<em>Mon Dieu&#8230;, je vous aime !<\/em>\u00bb, scellent une existence qui s&rsquo;\u00e9teint sur la terre \u00e0 l&rsquo;\u00e2ge de vingt-quatre ans pour entrer, suivant son d\u00e9sir, dans une phase nouvelle de pr\u00e9sence apostolique en faveur des \u00e2mes, dans la communion des saints, pour r\u00e9pandre une pluie de roses sur le monde.<\/p>\n<p><em>Elle fut canonis\u00e9e par Pie XI (Ambrogio Damiano Achille Ratti, 1922-1939) le 17 mai 1925<\/em>\u00a0et ce m\u00eame Pape la proclama \u00ab\u00a0<em>Patronne universelle des missions<\/em>\u00ab\u00a0, ainsi que St Fran\u00e7ois Xavier, le 14 d\u00e9cembre 1927.<\/p>\n<p>Sa doctrine et son exemple de saintet\u00e9 ont \u00e9t\u00e9 re\u00e7us par toutes les cat\u00e9gories de fid\u00e8les de ce si\u00e8cle avec un grand enthousiasme, et aussi en dehors de l&rsquo;\u00c9glise catholique et du christianisme. De nombreuses Conf\u00e9rences \u00e9piscopales, \u00e0 l&rsquo;occasion du centenaire de sa mort, ont demand\u00e9 au Pape qu&rsquo;elle soit proclam\u00e9e Docteur de l&rsquo;\u00c9glise, \u00e0 cause de la solidit\u00e9 de sa sagesse spirituelle, inspir\u00e9e par l&rsquo;\u00c9vangile, \u00e0 cause de l&rsquo;originalit\u00e9 de ses intuitions th\u00e9ologiques o\u00f9 brille sa doctrine \u00e9minente, et \u00e0 cause de l&rsquo;universalit\u00e9 de la r\u00e9ception de son message spirituel, accueilli dans le monde entier et diffus\u00e9 par la traduction de ses \u0153uvres dans une cinquantaine de langues.<\/p>\n<p>Le Bx Jean Paul II\u00a0(Karol J\u00f3zef Wojty?a, 1978-2005)\u00a0proclama Th\u00e9r\u00e8se de l&rsquo;Enfant-J\u00e9sus et de la Sainte Face Docteur de l&rsquo;\u00c9glise universelle le 19 octobre 1997.<\/p>\n<p align=\"center\">Pour approfondir, lire\u00a0la Cat\u00e9ch\u00e8se du Pape Beno\u00eet XVI :<\/p>\n<p align=\"center\"><a href=\"http:\/\/www.vatican.va\/holy_father\/benedict_xvi\/audiences\/2011\/documents\/hf_ben-xvi_aud_20110406_fr.html\">\u00a0&gt;&gt;&gt;\u00a0Sainte Th\u00e9r\u00e8se de l\u2019Enfant J\u00e9sus<\/a><\/p>\n<p>&nbsp;<\/p>\n<p>Source principale : vatican.va (\u00abR\u00e9v. x gpm\u00bb).<\/p>\n<p>&nbsp;<\/p>\n<p>&nbsp;<\/p>\n<p>&nbsp;<\/p>\n<p>&nbsp;<\/p>\n","protected":false},"excerpt":{"rendered":"<p>T h\u00e9r\u00e8se\u00a0Martin naquit \u00e0 Alen\u00e7on, en France, le 2 janvier 1873. Elle fut baptis\u00e9e deux jours plus tard en l&rsquo;\u00e9glise Notre-Dame, recevant les noms de Marie Fran\u00e7oise Th\u00e9r\u00e8se. Ses parents \u00e9taient Louis Martin et Z\u00e9lie Gu\u00e9rin (b\u00e9atifi\u00e9s le 19 octobre 2008 \u00e0 Lisieux). Apr\u00e8s la mort de sa m\u00e8re, le 28 ao\u00fbt 1877, Th\u00e9r\u00e8se s&rsquo;installa [&hellip;]<\/p>\n","protected":false},"author":2,"featured_media":0,"comment_status":"closed","ping_status":"closed","sticky":false,"template":"","format":"standard","meta":{"footnotes":""},"categories":[3,13,15,26,28],"tags":[158,337,945,1107],"class_list":["post-8205","post","type-post","status-publish","format-standard","hentry","category-liturgique","category-ecritures","category-histoire","category-priere-des-ames","category-saints-et-saintes","tag-bienheureux-jean-paul-2","tag-eglise-universelle","tag-saints","tag-ste-therese"],"_links":{"self":[{"href":"https:\/\/www.associationdemarie.org\/blog\/wp-json\/wp\/v2\/posts\/8205","targetHints":{"allow":["GET"]}}],"collection":[{"href":"https:\/\/www.associationdemarie.org\/blog\/wp-json\/wp\/v2\/posts"}],"about":[{"href":"https:\/\/www.associationdemarie.org\/blog\/wp-json\/wp\/v2\/types\/post"}],"author":[{"embeddable":true,"href":"https:\/\/www.associationdemarie.org\/blog\/wp-json\/wp\/v2\/users\/2"}],"replies":[{"embeddable":true,"href":"https:\/\/www.associationdemarie.org\/blog\/wp-json\/wp\/v2\/comments?post=8205"}],"version-history":[{"count":0,"href":"https:\/\/www.associationdemarie.org\/blog\/wp-json\/wp\/v2\/posts\/8205\/revisions"}],"wp:attachment":[{"href":"https:\/\/www.associationdemarie.org\/blog\/wp-json\/wp\/v2\/media?parent=8205"}],"wp:term":[{"taxonomy":"category","embeddable":true,"href":"https:\/\/www.associationdemarie.org\/blog\/wp-json\/wp\/v2\/categories?post=8205"},{"taxonomy":"post_tag","embeddable":true,"href":"https:\/\/www.associationdemarie.org\/blog\/wp-json\/wp\/v2\/tags?post=8205"}],"curies":[{"name":"wp","href":"https:\/\/api.w.org\/{rel}","templated":true}]}}