{"id":8189,"date":"2013-09-28T01:29:52","date_gmt":"2013-09-28T01:29:52","guid":{"rendered":"http:\/\/preprod.meltem-int.com\/marie\/blog\/?p=8189"},"modified":"2013-09-28T01:29:52","modified_gmt":"2013-09-28T01:29:52","slug":"nouvelle-jerusalem-3","status":"publish","type":"post","link":"https:\/\/www.associationdemarie.org\/blog\/nouvelle-jerusalem-3\/","title":{"rendered":"Nouvelle J\u00e9rusalem"},"content":{"rendered":"<p><b>Livre de Zacharie\u00a0<span dir=\"ltr\">2,5-9.14-15a.<\/span>\u00a0<\/b><\/p>\n<p><span style=\"color: #ffffff;\">.<\/span><br \/>\n<span>M<\/span>oi, Zacharie, je levai les yeux et voici ce que j&rsquo;ai vu : un homme qui tenait \u00e0 la main une cha\u00eene d&rsquo;arpenteur.<br \/>\nJe lui demandai\u00a0: \u00ab\u00a0O\u00f9 vas-tu\u00a0?\u00a0\u00bb Il me r\u00e9pondit\u00a0: \u00ab\u00a0Je vais mesurer J\u00e9rusalem, pour voir quelle est sa largeur et quelle est sa longueur.\u00a0\u00bb<br \/>\nL&rsquo;ange qui me parlait \u00e9tait en train de sortir, lorsqu&rsquo;un autre ange sortit le rejoindre<br \/>\net lui dit\u00a0: \u00ab\u00a0Cours, va dire \u00e0 ce jeune homme\u00a0: &lsquo;J\u00e9rusalem doit rester une ville ouverte, \u00e0 cause de la quantit\u00e9 d&rsquo;hommes et de b\u00e9tail qui la peupleront. &lsquo;<br \/>\nQuant \u00e0 moi, je serai pour elle, d\u00e9clare le Seigneur, une muraille de feu pour l&rsquo;entourer, et je serai sa gloire au milieu d&rsquo;elle.<br \/>\nChante et r\u00e9jouis-toi, fille de Sion\u00a0; voici que je viens, j&rsquo;habiterai au milieu de toi, d\u00e9clare le Seigneur.<br \/>\nEn ce jour-l\u00e0, des nations nombreuses s&rsquo;attacheront au Seigneur, elles seront pour moi un peuple, et j&rsquo;habiterai au milieu de toi.<\/p>\n<p><a href=\"https:\/\/www.associationdemarie.org\/blog\/wp-content\/uploads\/2013\/09\/JE-CROIS-300x168.jpeg\"><img loading=\"lazy\" decoding=\"async\" class=\"aligncenter size-full wp-image-8190\" alt=\"JE-CROIS-300x168\" src=\"https:\/\/www.associationdemarie.org\/blog\/wp-content\/uploads\/2013\/09\/JE-CROIS-300x168.jpeg\" width=\"300\" height=\"168\" \/><\/a><\/p>\n<p>&nbsp;<\/p>\n<p>&nbsp;<\/p>\n<p>&nbsp;<\/p>\n","protected":false},"excerpt":{"rendered":"<p>Livre de Zacharie\u00a02,5-9.14-15a.\u00a0 . Moi, Zacharie, je levai les yeux et voici ce que j&rsquo;ai vu : un homme qui tenait \u00e0 la main une cha\u00eene d&rsquo;arpenteur. Je lui demandai\u00a0: \u00ab\u00a0O\u00f9 vas-tu\u00a0?\u00a0\u00bb Il me r\u00e9pondit\u00a0: \u00ab\u00a0Je vais mesurer J\u00e9rusalem, pour voir quelle est sa largeur et quelle est sa longueur.\u00a0\u00bb L&rsquo;ange qui me parlait \u00e9tait [&hellip;]<\/p>\n","protected":false},"author":2,"featured_media":0,"comment_status":"closed","ping_status":"closed","sticky":false,"template":"","format":"standard","meta":{"footnotes":""},"categories":[3,13,28],"tags":[67,1382,725,967,1209],"class_list":["post-8189","post","type-post","status-publish","format-standard","hentry","category-liturgique","category-ecritures","category-saints-et-saintes","tag-ancien-testament","tag-ecritures","tag-nouvelle-jerusalem","tag-seigneur","tag-zacharie"],"_links":{"self":[{"href":"https:\/\/www.associationdemarie.org\/blog\/wp-json\/wp\/v2\/posts\/8189","targetHints":{"allow":["GET"]}}],"collection":[{"href":"https:\/\/www.associationdemarie.org\/blog\/wp-json\/wp\/v2\/posts"}],"about":[{"href":"https:\/\/www.associationdemarie.org\/blog\/wp-json\/wp\/v2\/types\/post"}],"author":[{"embeddable":true,"href":"https:\/\/www.associationdemarie.org\/blog\/wp-json\/wp\/v2\/users\/2"}],"replies":[{"embeddable":true,"href":"https:\/\/www.associationdemarie.org\/blog\/wp-json\/wp\/v2\/comments?post=8189"}],"version-history":[{"count":0,"href":"https:\/\/www.associationdemarie.org\/blog\/wp-json\/wp\/v2\/posts\/8189\/revisions"}],"wp:attachment":[{"href":"https:\/\/www.associationdemarie.org\/blog\/wp-json\/wp\/v2\/media?parent=8189"}],"wp:term":[{"taxonomy":"category","embeddable":true,"href":"https:\/\/www.associationdemarie.org\/blog\/wp-json\/wp\/v2\/categories?post=8189"},{"taxonomy":"post_tag","embeddable":true,"href":"https:\/\/www.associationdemarie.org\/blog\/wp-json\/wp\/v2\/tags?post=8189"}],"curies":[{"name":"wp","href":"https:\/\/api.w.org\/{rel}","templated":true}]}}