{"id":8175,"date":"2013-09-26T00:45:48","date_gmt":"2013-09-26T00:45:48","guid":{"rendered":"http:\/\/preprod.meltem-int.com\/marie\/blog\/?p=8175"},"modified":"2013-09-26T00:45:48","modified_gmt":"2013-09-26T00:45:48","slug":"le-chapelet-simple-et-humble","status":"publish","type":"post","link":"https:\/\/www.associationdemarie.org\/blog\/le-chapelet-simple-et-humble\/","title":{"rendered":"Le chapelet, simple et humble"},"content":{"rendered":"<p><a href=\"https:\/\/www.associationdemarie.org\/blog\/wp-content\/uploads\/2013\/09\/chapelet.png\"><img loading=\"lazy\" decoding=\"async\" class=\"alignright  wp-image-8178\" alt=\"chapelet\" src=\"https:\/\/www.associationdemarie.org\/blog\/wp-content\/uploads\/2013\/09\/chapelet.png\" width=\"111\" height=\"309\" \/><\/a><\/p>\n<p><!--StartFragment--><!--StartFragment--><span style=\"font-family: 'Lucida Grande';\">R\u00e9cite ton chapelet, dit Dieu,<br \/>\nEt ne te soucie pas de ce que raconte tel \u00e9cervel\u00e9 :<br \/>\nQue c\u2019est une d\u00e9votion pass\u00e9e et qu\u2019on va abandonner.<br \/>\nCette pri\u00e8re-l\u00e0, je te le dis<br \/>\nEst un rayon de l\u2019Evangile :<br \/>\nOn ne me le changera pas.<br \/>\nCe que j\u2019aime dans le chapelet, dit Dieu,<br \/>\nC\u2019est qu\u2019il est simple et qu\u2019il est humble.<br \/>\nComme fut mon Fils. Comme fut ma M\u00e8re.<br \/>\nR\u00e9cite ton chapelet : tu trouveras \u00e0 tes c\u00f4t\u00e9s<br \/>\nToute la compagnie rassembl\u00e9e en l\u2019Evangile :<br \/>\nLa pauvre veuve qui n\u2019a pas fait d\u2019\u00e9tudes<br \/>\nEt le publicain repentant qui ne sait plus son cat\u00e9chisme,<br \/>\nLa p\u00e9cheresse effray\u00e9e qu\u2019on voudrait accabler,<br \/>\nEt tous les \u00e9clop\u00e9s que leur foi a sauv\u00e9s,<br \/>\nEt les bons vieux bergers, comme ceux de Bethl\u00e9em,<br \/>\nQui d\u00e9couvrent mon Fils et sa M\u00e8re&#8230;<br \/>\nR\u00e9cite ton chapelet, dit Dieu,<br \/>\nIl faut que votre pri\u00e8re tourne, tourne et retourne,<br \/>\nComme font entre vos doigts les grains du chapelet.<br \/>\nAlors, quand je voudrai, je vous l\u2019assure,<br \/>\nVous recevrez la bonne nourriture,<br \/>\nQui affermit le c\u0153ur et rassure l\u2019\u00e2me.<br \/>\n(\u2026)<\/span><\/p>\n<p>Charles P\u00e9guy, 1873-1914, \u00e9crivain, po\u00e8te<!--EndFragment--><\/p>\n<p>&nbsp;<\/p>\n<p>&nbsp;<\/p>\n<p>&nbsp;<\/p>\n<p>&nbsp;<\/p>\n<p>&nbsp;<\/p>\n<p><!--EndFragment--><\/p>\n","protected":false},"excerpt":{"rendered":"<p>R\u00e9cite ton chapelet, dit Dieu, Et ne te soucie pas de ce que raconte tel \u00e9cervel\u00e9 : Que c\u2019est une d\u00e9votion pass\u00e9e et qu\u2019on va abandonner. Cette pri\u00e8re-l\u00e0, je te le dis Est un rayon de l\u2019Evangile : On ne me le changera pas. Ce que j\u2019aime dans le chapelet, dit Dieu, C\u2019est qu\u2019il est [&hellip;]<\/p>\n","protected":false},"author":2,"featured_media":0,"comment_status":"closed","ping_status":"closed","sticky":false,"template":"","format":"standard","meta":{"footnotes":""},"categories":[14,16,26,27],"tags":[202,204,830],"class_list":["post-8175","post","type-post","status-publish","format-standard","hentry","category-groupe-prieres","category-jardins-de-la-bible","category-priere-des-ames","category-prieres","tag-chapelet","tag-charles-peguy","tag-priere"],"_links":{"self":[{"href":"https:\/\/www.associationdemarie.org\/blog\/wp-json\/wp\/v2\/posts\/8175","targetHints":{"allow":["GET"]}}],"collection":[{"href":"https:\/\/www.associationdemarie.org\/blog\/wp-json\/wp\/v2\/posts"}],"about":[{"href":"https:\/\/www.associationdemarie.org\/blog\/wp-json\/wp\/v2\/types\/post"}],"author":[{"embeddable":true,"href":"https:\/\/www.associationdemarie.org\/blog\/wp-json\/wp\/v2\/users\/2"}],"replies":[{"embeddable":true,"href":"https:\/\/www.associationdemarie.org\/blog\/wp-json\/wp\/v2\/comments?post=8175"}],"version-history":[{"count":0,"href":"https:\/\/www.associationdemarie.org\/blog\/wp-json\/wp\/v2\/posts\/8175\/revisions"}],"wp:attachment":[{"href":"https:\/\/www.associationdemarie.org\/blog\/wp-json\/wp\/v2\/media?parent=8175"}],"wp:term":[{"taxonomy":"category","embeddable":true,"href":"https:\/\/www.associationdemarie.org\/blog\/wp-json\/wp\/v2\/categories?post=8175"},{"taxonomy":"post_tag","embeddable":true,"href":"https:\/\/www.associationdemarie.org\/blog\/wp-json\/wp\/v2\/tags?post=8175"}],"curies":[{"name":"wp","href":"https:\/\/api.w.org\/{rel}","templated":true}]}}