{"id":8147,"date":"2013-09-07T06:34:20","date_gmt":"2013-09-07T06:34:20","guid":{"rendered":"http:\/\/preprod.meltem-int.com\/marie\/blog\/?p=8147"},"modified":"2013-09-07T06:34:20","modified_gmt":"2013-09-07T06:34:20","slug":"paix","status":"publish","type":"post","link":"https:\/\/www.associationdemarie.org\/blog\/paix\/","title":{"rendered":"Paix"},"content":{"rendered":"<article itemprop=\"mainContentOfPage\" itemscope=\"\" itemtype=\"http:\/\/schema.org\/Article\">\n<div itemprop=\"articleBody\"><span style=\"color: #ffffff;\">.<a href=\"https:\/\/www.associationdemarie.org\/blog\/wp-content\/uploads\/2013\/09\/Pape-Fran\u00e7ois.jpg\"><img loading=\"lazy\" decoding=\"async\" class=\"aligncenter size-medium wp-image-8149\" alt=\"Pape Fran\u00e7ois\" src=\"https:\/\/www.associationdemarie.org\/blog\/wp-content\/uploads\/2013\/09\/Pape-Fran\u00e7ois-300x168.jpg\" width=\"300\" height=\"168\" srcset=\"https:\/\/www.associationdemarie.org\/blog\/wp-content\/uploads\/2013\/09\/Pape-Fran\u00e7ois-300x168.jpg 300w, https:\/\/www.associationdemarie.org\/blog\/wp-content\/uploads\/2013\/09\/Pape-Fran\u00e7ois.jpg 606w\" sizes=\"auto, (max-width: 300px) 100vw, 300px\" \/><\/a><\/span><\/div>\n<div itemprop=\"articleBody\"><span style=\"color: #ffffff;\">.<\/span><\/div>\n<div itemprop=\"articleBody\">A l&rsquo;initiative de l&rsquo;Eglise catholique, une journ\u00e9e de je\u00fbne et de pri\u00e8re est organis\u00e9e aujourd&rsquo;hui dans le monde entier contre toute intervention arm\u00e9e en Syrie,\u00a0une grande veill\u00e9e \u00e9tant aussi pr\u00e9vue place Saint-Pierre \u00e0 Rome avec le pape Fran\u00e7ois.<\/div>\n<div itemprop=\"articleBody\">\n\u00ab\u00a0Que s&rsquo;\u00e9l\u00e8ve fortement sur toute la terre le cri de la paix!\u00a0\u00bb, a lanc\u00e9 le pape argentin en appelant avec force les 1,2 milliard de catholiques, les autres chr\u00e9tiens, les fid\u00e8les des autres religions et les ath\u00e9es \u00e0 se rassembler contre la guerre en Syrie. De Bagdad \u00e0 J\u00e9rusalem, de Bombay \u00e0 Buenos Aires, de Washington \u00e0 Beyrouth et \u00e0 Paris, tout ce que l&rsquo;Eglise compte de responsables ont relay\u00e9 le message, dans des sermons ou sur les r\u00e9seaux sociaux. Un signe que la voix \u00e9nergique de Fran\u00e7ois rassemble les catholiques, progressistes comme conservateurs, toutes tendances confondues.<\/p>\n<p>Le pape, qui s&rsquo;est adress\u00e9 dans une lettre au G20 de Saint-P\u00e9tersbourg, s&rsquo;oppose \u00e0 toute id\u00e9e de frappes envisag\u00e9es par les Etats-Unis et la France, estimant qu&rsquo;elles aggraveront les massacres et les haines, et ne pourront \u00eatre limit\u00e9es.<\/p>\n<p>\u00ab\u00a0Ce cri du pape condense la clameur qui \u00e9clate de l&rsquo;unique grande famille qu&rsquo;est l&rsquo;humanit\u00e9. L&rsquo;appel de Fran\u00e7ois rejoint ce que Jean Paul II avait d\u00e9j\u00e0 fait pratiquer \u00e0 toute l&rsquo;Eglise, en 1986, en 1993, en 1994 et en 2001 pour les Balkans\u00a0\u00bb, a rappel\u00e9 \u00e0 l&rsquo;AFP le cardinal fran\u00e7ais Etch\u00e9garay, qui avait men\u00e9 au nom du pape polonais des missions pour \u00e9viter l&rsquo;intervention am\u00e9ricaine en Irak en 2003. Le pr\u00e9lat fran\u00e7ais a soulign\u00e9 la dimension de je\u00fbne de la journ\u00e9e, une \u00ab\u00a0pratique \u00e0 laquelle l&rsquo;Eglise comme le juda\u00efsme et l&rsquo;Islam sont particuli\u00e8rement sensibles\u00a0\u00bb.<\/p><\/div>\n<div><\/div>\n<\/article>\n<div>\n<div>\n<aside id=\"auteur\">\n<div>\n<div itemprop=\"author\" itemscope=\"\" itemtype=\"http:\/\/schema.org\/Person\">\n<p itemprop=\"name\">Le Figaro avec L&rsquo;afp<\/p>\n<\/div>\n<\/div>\n<\/aside>\n<\/div>\n<\/div>\n","protected":false},"excerpt":{"rendered":"<p>. . A l&rsquo;initiative de l&rsquo;Eglise catholique, une journ\u00e9e de je\u00fbne et de pri\u00e8re est organis\u00e9e aujourd&rsquo;hui dans le monde entier contre toute intervention arm\u00e9e en Syrie,\u00a0une grande veill\u00e9e \u00e9tant aussi pr\u00e9vue place Saint-Pierre \u00e0 Rome avec le pape Fran\u00e7ois. \u00ab\u00a0Que s&rsquo;\u00e9l\u00e8ve fortement sur toute la terre le cri de la paix!\u00a0\u00bb, a lanc\u00e9 le [&hellip;]<\/p>\n","protected":false},"author":2,"featured_media":0,"comment_status":"closed","ping_status":"closed","sticky":false,"template":"","format":"standard","meta":{"footnotes":""},"categories":[2,14],"tags":[39,540,757,761,830,1121],"class_list":["post-8147","post","type-post","status-publish","format-standard","hentry","category-actualites","category-groupe-prieres","tag-actualite","tag-jeune","tag-paix","tag-pape-francois","tag-priere","tag-syrie"],"_links":{"self":[{"href":"https:\/\/www.associationdemarie.org\/blog\/wp-json\/wp\/v2\/posts\/8147","targetHints":{"allow":["GET"]}}],"collection":[{"href":"https:\/\/www.associationdemarie.org\/blog\/wp-json\/wp\/v2\/posts"}],"about":[{"href":"https:\/\/www.associationdemarie.org\/blog\/wp-json\/wp\/v2\/types\/post"}],"author":[{"embeddable":true,"href":"https:\/\/www.associationdemarie.org\/blog\/wp-json\/wp\/v2\/users\/2"}],"replies":[{"embeddable":true,"href":"https:\/\/www.associationdemarie.org\/blog\/wp-json\/wp\/v2\/comments?post=8147"}],"version-history":[{"count":0,"href":"https:\/\/www.associationdemarie.org\/blog\/wp-json\/wp\/v2\/posts\/8147\/revisions"}],"wp:attachment":[{"href":"https:\/\/www.associationdemarie.org\/blog\/wp-json\/wp\/v2\/media?parent=8147"}],"wp:term":[{"taxonomy":"category","embeddable":true,"href":"https:\/\/www.associationdemarie.org\/blog\/wp-json\/wp\/v2\/categories?post=8147"},{"taxonomy":"post_tag","embeddable":true,"href":"https:\/\/www.associationdemarie.org\/blog\/wp-json\/wp\/v2\/tags?post=8147"}],"curies":[{"name":"wp","href":"https:\/\/api.w.org\/{rel}","templated":true}]}}