{"id":8142,"date":"2013-09-21T03:27:51","date_gmt":"2013-09-21T03:27:51","guid":{"rendered":"http:\/\/preprod.meltem-int.com\/marie\/blog\/?p=8142"},"modified":"2013-09-21T03:27:51","modified_gmt":"2013-09-21T03:27:51","slug":"fete-de-st-matthieu-apotre-et-evangeliste","status":"publish","type":"post","link":"https:\/\/www.associationdemarie.org\/blog\/fete-de-st-matthieu-apotre-et-evangeliste\/","title":{"rendered":"F\u00eate de St Matthieu, ap\u00f4tre et \u00e9vang\u00e9liste"},"content":{"rendered":"<p><a href=\"https:\/\/www.associationdemarie.org\/blog\/wp-content\/uploads\/2013\/09\/045amolenuvolette.it1300-vers-saint-matthieu-levang\u00e9liste-d\u00e9trempe-sur-bois-ohrid-mac\u00e9doine-galerie-de-l\u00e9glise-saint-cl\u00e9ment.jpg\"><img loading=\"lazy\" decoding=\"async\" class=\"alignleft size-medium wp-image-8145\" alt=\"045[amolenuvolette.it]1300 vers saint matthieu l'evang\u00e9liste d\u00e9trempe sur bois ohrid mac\u00e9doine galerie de l'\u00e9glise saint cl\u00e9ment\" src=\"https:\/\/www.associationdemarie.org\/blog\/wp-content\/uploads\/2013\/09\/045amolenuvolette.it1300-vers-saint-matthieu-levang\u00e9liste-d\u00e9trempe-sur-bois-ohrid-mac\u00e9doine-galerie-de-l\u00e9glise-saint-cl\u00e9ment-136x300.jpg\" width=\"136\" height=\"300\" srcset=\"https:\/\/www.associationdemarie.org\/blog\/wp-content\/uploads\/2013\/09\/045amolenuvolette.it1300-vers-saint-matthieu-levang\u00e9liste-d\u00e9trempe-sur-bois-ohrid-mac\u00e9doine-galerie-de-l\u00e9glise-saint-cl\u00e9ment-136x300.jpg 136w, https:\/\/www.associationdemarie.org\/blog\/wp-content\/uploads\/2013\/09\/045amolenuvolette.it1300-vers-saint-matthieu-levang\u00e9liste-d\u00e9trempe-sur-bois-ohrid-mac\u00e9doine-galerie-de-l\u00e9glise-saint-cl\u00e9ment-465x1024.jpg 465w, https:\/\/www.associationdemarie.org\/blog\/wp-content\/uploads\/2013\/09\/045amolenuvolette.it1300-vers-saint-matthieu-levang\u00e9liste-d\u00e9trempe-sur-bois-ohrid-mac\u00e9doine-galerie-de-l\u00e9glise-saint-cl\u00e9ment.jpg 1799w\" sizes=\"auto, (max-width: 136px) 100vw, 136px\" \/><\/a>\u00ab J\u00e9sus vit un homme assis au bureau de la douane ; son nom \u00e9tait Matthieu. Il lui dit : \u2018 Suis-moi. \u2019 \u00bb Il l\u2019a vu non pas tant avec les yeux du corps qu&rsquo;avec le regard int\u00e9rieur de sa mis\u00e9ricorde\u2026 Il a vu le publicain, et parce qu&rsquo;il l\u2019a vu d&rsquo;un regard qui prend piti\u00e9 et qui choisit, \u00ab il lui dit : \u2018 Suis-moi \u2019 \u00bb, c&rsquo;est-\u00e0-dire imite-moi. En lui demandant de le suivre, il l&rsquo;invitait moins \u00e0 marcher derri\u00e8re lui qu&rsquo;\u00e0 vivre comme lui ; car \u00ab celui qui d\u00e9clare demeurer dans le Christ doit marcher dans la voie o\u00f9 lui, J\u00e9sus, a march\u00e9 \u00bb (1Jn 2,6)\u2026<\/p>\n<p>Matthieu \u00ab se leva et le suivit \u00bb. Rien d&rsquo;\u00e9tonnant que le publicain, au premier appel du Seigneur, si empreint d\u2019autorit\u00e9, ait abandonn\u00e9 sa recherche de profits terrestres et que, d\u00e9laissant les biens de ce monde, il ait choisi celui qu&rsquo;il voyait d\u00e9pourvu de toute richesse. C&rsquo;est que le Seigneur qui l&rsquo;appelait ext\u00e9rieurement par sa parole le touchait au plus intime de son \u00e2me, en y r\u00e9pandant la lumi\u00e8re de la gr\u00e2ce spirituelle. Cette lumi\u00e8re devait faire comprendre \u00e0 Matthieu que celui qui l&rsquo;appelait \u00e0 quitter les biens mat\u00e9riels sur la terre \u00e9tait en mesure de lui donner un tr\u00e9sor imp\u00e9rissable dans le ciel (cf Mt 6,20)&#8230;<\/p>\n<p>\u00ab Comme J\u00e9sus \u00e9tait \u00e0 table \u00e0 la maison, voici que beaucoup de publicains et de p\u00e9cheurs vinrent prendre place avec lui et ses disciples \u00bb : la conversion d\u2019un seul publicain a ouvert la voie de la p\u00e9nitence et du pardon \u00e0 beaucoup de publicains et de p\u00e9cheurs\u2026 Quel beau pr\u00e9sage ! Au moment de sa conversion, celui qui devait \u00eatre plus tard ap\u00f4tre et enseignant parmi les pa\u00efens entra\u00eene \u00e0 sa suite tout un groupe de p\u00e9cheurs sur le chemin du salut !<\/p>\n<p>Saint B\u00e8de le V\u00e9n\u00e9rable (v. 673-735), moine, docteur de l&rsquo;\u00c9glise<br \/>\n<i>Hom\u00e9lies sur les \u00e9vangiles I, 21 ; CCL 122, 149 (trad. Orval rev. ; cf br\u00e9viaire 21\/09)<\/i><\/p>\n<p>&nbsp;<\/p>\n<p>&nbsp;<\/p>\n<p>&nbsp;<\/p>\n<p>&nbsp;<\/p>\n","protected":false},"excerpt":{"rendered":"<p>\u00ab J\u00e9sus vit un homme assis au bureau de la douane ; son nom \u00e9tait Matthieu. Il lui dit : \u2018 Suis-moi. \u2019 \u00bb Il l\u2019a vu non pas tant avec les yeux du corps qu&rsquo;avec le regard int\u00e9rieur de sa mis\u00e9ricorde\u2026 Il a vu le publicain, et parce qu&rsquo;il l\u2019a vu d&rsquo;un regard qui [&hellip;]<\/p>\n","protected":false},"author":2,"featured_media":0,"comment_status":"closed","ping_status":"closed","sticky":false,"template":"","format":"standard","meta":{"footnotes":""},"categories":[3,13,15,28],"tags":[305,1382,387,535,1015,1059],"class_list":["post-8142","post","type-post","status-publish","format-standard","hentry","category-liturgique","category-ecritures","category-histoire","category-saints-et-saintes","tag-disciples","tag-ecritures","tag-evangelisation","tag-jesus","tag-st-bede","tag-st-matthieu"],"_links":{"self":[{"href":"https:\/\/www.associationdemarie.org\/blog\/wp-json\/wp\/v2\/posts\/8142","targetHints":{"allow":["GET"]}}],"collection":[{"href":"https:\/\/www.associationdemarie.org\/blog\/wp-json\/wp\/v2\/posts"}],"about":[{"href":"https:\/\/www.associationdemarie.org\/blog\/wp-json\/wp\/v2\/types\/post"}],"author":[{"embeddable":true,"href":"https:\/\/www.associationdemarie.org\/blog\/wp-json\/wp\/v2\/users\/2"}],"replies":[{"embeddable":true,"href":"https:\/\/www.associationdemarie.org\/blog\/wp-json\/wp\/v2\/comments?post=8142"}],"version-history":[{"count":0,"href":"https:\/\/www.associationdemarie.org\/blog\/wp-json\/wp\/v2\/posts\/8142\/revisions"}],"wp:attachment":[{"href":"https:\/\/www.associationdemarie.org\/blog\/wp-json\/wp\/v2\/media?parent=8142"}],"wp:term":[{"taxonomy":"category","embeddable":true,"href":"https:\/\/www.associationdemarie.org\/blog\/wp-json\/wp\/v2\/categories?post=8142"},{"taxonomy":"post_tag","embeddable":true,"href":"https:\/\/www.associationdemarie.org\/blog\/wp-json\/wp\/v2\/tags?post=8142"}],"curies":[{"name":"wp","href":"https:\/\/api.w.org\/{rel}","templated":true}]}}