{"id":8053,"date":"2013-09-04T01:47:25","date_gmt":"2013-09-04T01:47:25","guid":{"rendered":"http:\/\/preprod.meltem-int.com\/marie\/blog\/?p=8053"},"modified":"2013-09-04T01:47:25","modified_gmt":"2013-09-04T01:47:25","slug":"st-moise-prophete-de-la-t-xiv-xiii-s-av-j-c","status":"publish","type":"post","link":"https:\/\/www.associationdemarie.org\/blog\/st-moise-prophete-de-la-t-xiv-xiii-s-av-j-c\/","title":{"rendered":"St Mo\u00efse, proph\u00e8te  de l\u2019A.T. (XIV-XIII s. av. J.C.)"},"content":{"rendered":"<p>D\u00e9but de la cat\u00e9ch\u00e8se du 1er juin 2011 du Pape Beno\u00eet XVI<\/p>\n<p><strong><a href=\"https:\/\/www.associationdemarie.org\/blog\/wp-content\/uploads\/2013\/08\/19_moise.jpg\"><img loading=\"lazy\" decoding=\"async\" class=\"alignright  wp-image-8054\" alt=\"Moise\" src=\"https:\/\/www.associationdemarie.org\/blog\/wp-content\/uploads\/2013\/08\/19_moise-216x300.jpg\" width=\"173\" height=\"240\" srcset=\"https:\/\/www.associationdemarie.org\/blog\/wp-content\/uploads\/2013\/08\/19_moise-216x300.jpg 216w, https:\/\/www.associationdemarie.org\/blog\/wp-content\/uploads\/2013\/08\/19_moise.jpg 420w\" sizes=\"auto, (max-width: 173px) 100vw, 173px\" \/><\/a>\u00ab\u00a0<\/strong>En lisant l\u2019Ancien Testament, une figure ressort parmi les autres: celle de Mo\u00efse, pr\u00e9cis\u00e9ment comme homme de pri\u00e8re. Mo\u00efse, le grand proph\u00e8te et \u00ab<em>condottiere<\/em>\u00a0\u00bb du temps de l\u2019Exode, a exerc\u00e9 sa fonction de m\u00e9diateur entre Dieu et Isra\u00ebl en se faisant le messager, aupr\u00e8s du peuple, des paroles et des commandements divins, en le conduisant vers la libert\u00e9 de la Terre promise, en enseignant aux juifs \u00e0 vivre dans l\u2019ob\u00e9issance et dans la confiance envers Dieu au cours de leur long s\u00e9jour dans le d\u00e9sert, mais \u00e9galement, et je dirais surtout, en priant. Il prie pour le pharaon lorsque Dieu, avec les plaies, tentait de convertir le c\u0153ur des \u00c9gyptiens (cf. Ex 8-10); il demande au Seigneur la gu\u00e9rison de sa s\u0153ur Marie frapp\u00e9e par la l\u00e8pre (cf. Nb 12, 9-13), il interc\u00e8de pour le peuple qui s\u2019\u00e9tait rebell\u00e9, effray\u00e9 par le compte-rendu des explorateurs (cf. Nb 14, 1-19), il prie quand le feu va d\u00e9vorer le campement (cf. Nb 11, 1-2) et quand les serpents venimeux font un massacre (cf. Nb 21, 4-9); il s\u2019adresse au Seigneur et r\u00e9agit en protestant quand le poids de sa mission devient trop lourd (cf. Nb 11, 10-15); il voit Dieu et parle avec Lui \u00abface \u00e0 face, comme un homme parle \u00e0 son ami\u00bb (cf. Ex 24, 9-17; 33, 7-23; 34, 1-10. 28-35).\u00a0<strong>\u00bb<\/strong><\/p>\n<p>Pour approfondir, lire\u00a0la Cat\u00e9ch\u00e8se du Pape Beno\u00eet XVI :<br \/>\n<a href=\"http:\/\/www.vatican.va\/holy_father\/benedict_xvi\/audiences\/2011\/documents\/hf_ben-xvi_aud_20110601_fr.html\">&gt;&gt;&gt;\u00a0\u00a0Mo\u00efse\u00a0\u00a0<\/a><br \/>\n[<a href=\"http:\/\/www.vatican.va\/holy_father\/benedict_xvi\/audiences\/2011\/documents\/hf_ben-xvi_aud_20110601_ge.html\">Allemand<\/a>,\u00a0<a href=\"http:\/\/www.vatican.va\/holy_father\/benedict_xvi\/audiences\/2011\/documents\/hf_ben-xvi_aud_20110601_en.html\">Anglais<\/a>,\u00a0<a href=\"http:\/\/www.vatican.va\/holy_father\/benedict_xvi\/audiences\/2011\/documents\/hf_ben-xvi_aud_20110601_sp.html\">Espagnol<\/a>,\u00a0<a href=\"http:\/\/www.vatican.va\/holy_father\/benedict_xvi\/audiences\/2011\/documents\/hf_ben-xvi_aud_20110601_fr.html\">Fran\u00e7ais<\/a>,\u00a0<a href=\"http:\/\/www.vatican.va\/holy_father\/benedict_xvi\/audiences\/2011\/documents\/hf_ben-xvi_aud_20110601_it.html\">Italien<\/a>,\u00a0<a href=\"http:\/\/www.vatican.va\/holy_father\/benedict_xvi\/audiences\/2011\/documents\/hf_ben-xvi_aud_20110601_po.html\">Portugais<\/a>]<\/p>\n<p><a href=\"http:\/\/www.google.fr\/url?sa=t&amp;rct=j&amp;q=&amp;esrc=s&amp;frm=1&amp;source=web&amp;cd=1&amp;cad=rja&amp;ved=0CC0QFjAA&amp;url=http%3A%2F%2Fwww.la-bible.net%2Fpage.php%3Fref%3Dmoise&amp;ei=Za_SUdOkM4fMhAe2tYCICw&amp;usg=AFQjCNGLZkim-9W9_kb2NjTGqehWUk35Ug\">Et\u00a0&gt;&gt;&gt;\u00a0Mo\u00efse en images<\/a><\/p>\n<p>Source principale : vatican.va (\u00ab R\u00e9v. x gpm \u00bb).<\/p>\n<p>&nbsp;<\/p>\n<p>&nbsp;<\/p>\n<p>&nbsp;<\/p>\n<p>&nbsp;<\/p>\n","protected":false},"excerpt":{"rendered":"<p>D\u00e9but de la cat\u00e9ch\u00e8se du 1er juin 2011 du Pape Beno\u00eet XVI \u00ab\u00a0En lisant l\u2019Ancien Testament, une figure ressort parmi les autres: celle de Mo\u00efse, pr\u00e9cis\u00e9ment comme homme de pri\u00e8re. Mo\u00efse, le grand proph\u00e8te et \u00abcondottiere\u00a0\u00bb du temps de l\u2019Exode, a exerc\u00e9 sa fonction de m\u00e9diateur entre Dieu et Isra\u00ebl en se faisant le messager, [&hellip;]<\/p>\n","protected":false},"author":2,"featured_media":0,"comment_status":"closed","ping_status":"closed","sticky":false,"template":"","format":"standard","meta":{"footnotes":""},"categories":[3,4,13,15,28],"tags":[67,142,683],"class_list":["post-8053","post","type-post","status-publish","format-standard","hentry","category-liturgique","category-iconographie","category-ecritures","category-histoire","category-saints-et-saintes","tag-ancien-testament","tag-benoit-16","tag-moise"],"_links":{"self":[{"href":"https:\/\/www.associationdemarie.org\/blog\/wp-json\/wp\/v2\/posts\/8053","targetHints":{"allow":["GET"]}}],"collection":[{"href":"https:\/\/www.associationdemarie.org\/blog\/wp-json\/wp\/v2\/posts"}],"about":[{"href":"https:\/\/www.associationdemarie.org\/blog\/wp-json\/wp\/v2\/types\/post"}],"author":[{"embeddable":true,"href":"https:\/\/www.associationdemarie.org\/blog\/wp-json\/wp\/v2\/users\/2"}],"replies":[{"embeddable":true,"href":"https:\/\/www.associationdemarie.org\/blog\/wp-json\/wp\/v2\/comments?post=8053"}],"version-history":[{"count":0,"href":"https:\/\/www.associationdemarie.org\/blog\/wp-json\/wp\/v2\/posts\/8053\/revisions"}],"wp:attachment":[{"href":"https:\/\/www.associationdemarie.org\/blog\/wp-json\/wp\/v2\/media?parent=8053"}],"wp:term":[{"taxonomy":"category","embeddable":true,"href":"https:\/\/www.associationdemarie.org\/blog\/wp-json\/wp\/v2\/categories?post=8053"},{"taxonomy":"post_tag","embeddable":true,"href":"https:\/\/www.associationdemarie.org\/blog\/wp-json\/wp\/v2\/tags?post=8053"}],"curies":[{"name":"wp","href":"https:\/\/api.w.org\/{rel}","templated":true}]}}