{"id":7923,"date":"2013-08-09T01:05:05","date_gmt":"2013-08-09T01:05:05","guid":{"rendered":"http:\/\/preprod.meltem-int.com\/marie\/blog\/?p=7923"},"modified":"2013-08-09T01:05:05","modified_gmt":"2013-08-09T01:05:05","slug":"ste-therese-benedicte-de-la-croix-martyre-1891-1942","status":"publish","type":"post","link":"https:\/\/www.associationdemarie.org\/blog\/ste-therese-benedicte-de-la-croix-martyre-1891-1942\/","title":{"rendered":"Ste Th\u00e9r\u00e8se-B\u00e9n\u00e9dicte de la Croix, martyre (1891-1942)"},"content":{"rendered":"<div><a href=\"https:\/\/www.associationdemarie.org\/blog\/wp-content\/uploads\/2013\/07\/Santa_Teresa_Benedetta_della_Croce-Edith_Stein-E.jpg\"><img loading=\"lazy\" decoding=\"async\" class=\" wp-image-7924 alignright\" alt=\"Santa_Teresa_Benedetta_della_Croce-Edith_Stein-E\" src=\"https:\/\/www.associationdemarie.org\/blog\/wp-content\/uploads\/2013\/07\/Santa_Teresa_Benedetta_della_Croce-Edith_Stein-E.jpg\" width=\"194\" height=\"243\" \/><\/a><\/p>\n<table cellspacing=\"0\" cellpadding=\"0\" align=\"left\">\n<tbody>\n<tr>\n<td align=\"left\" valign=\"top\">\u00c9<\/td>\n<\/tr>\n<\/tbody>\n<\/table>\n<p>dith Stein\u00a0na\u00eet dans une famille juive de sept enfants vivants (sur onze naissances), le 12 octobre 1891 (jour du\u00a0<em>Yom Kippour<\/em>, jour de l\u2019expiation), \u00e0 Breslau (alors en Allemagne, aujourd\u2019hui Wroclaw en Pologne).<\/div>\n<p>Son p\u00e8re, marchand de bois, d\u00e9c\u00e8de alors qu\u2019elle n\u2019a que deux ans. Sa m\u00e8re, une femme tr\u00e8s religieuse, s\u2019occupe de la famille tout en g\u00e9rant l\u2019entreprise, mais elle ne r\u00e9ussit pas \u00e0 maintenir la foi de ses enfants.<\/p>\n<p>Tr\u00e8s ind\u00e9pendante, Edith poursuit des \u00e9tudes universitaires (allemand et histoire) \u00e0 Breslau en 1911 puis de philosophie &#8211; sa v\u00e9ritable passion &#8211; en 1913 \u00e0 G\u00f6ttingen, devenant ensuite assistante de son professeur Edmund Husserl. La p\u00e9riode de guerre la voit travailler pendant quelque temps dans un h\u00f4pital militaire autrichien o\u00f9 elle soigne des maladies infectieuses et \u0153uvre en salle op\u00e9ratoire. Elle passe sa th\u00e8se en 1917 mais ne peut enseigner puisqu\u2019elle est une femme ; ce serait la premi\u00e8re femme docteur en philosophie en Allemagne.<\/p>\n<p>A cette \u00e9poque, elle abandonne toute pratique religieuse et d\u00e9couvre le catholicisme avec plusieurs autres \u00e9tudiants aupr\u00e8s de ses professeurs de ph\u00e9nom\u00e9nologie. Elle est alors en total d\u00e9saccord avec sa m\u00e8re, mais elle n\u2019en abandonne pas pour autant ses origines, dans un v\u00e9ritable partage spirituel entre juda\u00efsme et catholicisme, surtout avec la mont\u00e9e du nazisme en 1933.<\/p>\n<p>Influenc\u00e9e par sainte Th\u00e9r\u00e8se d\u2019Avila et saint Ignace de Loyola, Kierkegaard et Newman, elle se convertit en 1921, demande le bapt\u00eame le 1er janvier 1922 et choisit d\u2019entrer au Carmel. Mais les autorit\u00e9s religieuses lui refusent son entr\u00e9e dans l\u2019ordre et lui proposent de poursuivre son activit\u00e9 d\u2019enseignante. Elle fait cependant v\u0153ux de chastet\u00e9, de pauvret\u00e9 et d\u2019ob\u00e9issance et travaille au s\u00e9minaire pour enseignants du couvent dominicain de Spire, donne de nombreuses conf\u00e9rences, traduit de nombreux ouvrages religieux, \u00e9crit plusieurs ouvrages philosophiques.<\/p>\n<p>En 1932, elle est \u00e0 M\u00fcnster, \u00e0 l\u2019institut catholique de p\u00e9dagogie scientifique, et elle peut associer la science \u00e0 sa foi. Parall\u00e8lement \u00e0 cette d\u00e9marche religieuse, elle a milit\u00e9 tr\u00e8s t\u00f4t en faveur de la condition f\u00e9minine et du droit de vote des femmes. Elle d\u00e9veloppa entre autre l\u2019id\u00e9e novatrice d\u2019une \u00ab\u00a0<em>th\u00e9ologie catholique de la femme<\/em>\u00a0\u00bb, affirmant \u00e9galement que toutes les professions sont ouvertes aux femmes.<\/p>\n<p>Le 14 octobre 1933 elle peut, enfin, entrer au Carmel de Cologne et \u00e9chapper ainsi aux premi\u00e8res mesures antis\u00e9mites, interdisant en particulier aux juifs d\u2019enseigner.\u00a0Elle prend l\u2019habit le 14 avril 1934 et devient s\u0153ur Th\u00e9r\u00e8se-B\u00e9n\u00e9dicte de la Croix.\u00a0Ses v\u0153ux temporaires sont prononc\u00e9s le 21 avril 1935, au moment o\u00f9 sa m\u00e8re d\u00e9c\u00e8de \u00e0 Breslau. Le 21 avril 1938, elle prononce ses v\u0153ux perp\u00e9tuels mais \u00e0 la fin de l\u2019ann\u00e9e commence dans toute l\u2019Allemagne une chasse syst\u00e9matique des juifs et la destruction des synagogues. La m\u00e8re sup\u00e9rieure la fait conduire dans un monast\u00e8re de Carm\u00e9lites au Pays-Bas, \u00e0 Echt, o\u00f9, v\u00e9ritable th\u00e9ologienne, elle poursuit la r\u00e9daction de ses ouvrages.<\/p>\n<p>Elle est arr\u00eat\u00e9e par la Gestapo, dans la chapelle, le 2 ao\u00fbt 1942 avec sa s\u0153ur Rose qui s\u2019\u00e9tait \u00e9galement fait baptiser. Ces deux arrestations, et celles de nombreux autres juifs convertis, suivaient en fait la protestation des \u00e9v\u00eaques n\u00e9erlandais contre les pogroms et les arrestations de juifs.<\/p>\n<p>S\u0153ur Th\u00e9r\u00e8se-B\u00e9n\u00e9dicte de la Croix fait partie du convoi de 987 juifs qui part vers Auschwitz le 7 ao\u00fbt. Tous sont morts dans les chambres \u00e0 gaz d\u00e8s le 9 ao\u00fbt.<\/p>\n<p>\u00ab\u00a0<em>Fille d\u2019Isra\u00ebl<\/em>\u00a0\u00bb devenue le symbole de la tol\u00e9rance et de la rencontre entre les peuples juif et chr\u00e9tien, Edith Stein reste donc un pr\u00e9curseur de Vatican II.<\/p>\n<p><em>Th\u00e9r\u00e8se-B\u00e9n\u00e9dicte de la Croix<\/em><em>\u00a0\u00e0 \u00e9t\u00e9 b\u00e9atifi\u00e9e le Ier mai 1987<\/em>\u00a0dans la cath\u00e9drale de Cologne\u00a0<em>et canonis\u00e9e le 11 octobre 1998<\/em>, \u00e0 Rome, par le m\u00eame Pape, le\u00a0Bx Jean-Paul II\u00a0(Karol J\u00f3zef Wojty?a, 1978-2005).<\/p>\n<p>Depuis le 1er octobre 1999, par une lettre apostolique en forme de Motu Proprio, le Saint-P\u00e8re a proclam\u00e9 sainte Th\u00e9r\u00e8se-B\u00e9n\u00e9dicte de la Croix co-patronne de l\u2019Europe, avec sainte Brigitte de Su\u00e8de et sainte Catherine de Sienne, aux c\u00f4t\u00e9s des trois co-patrons : saint Beno\u00eet, saint Cyrille et saint M\u00e9thode. Son r\u00f4le de femme, de th\u00e9ologienne, de missionnaire, de martyre, de mystique, \u00e9tait ainsi reconnu, de m\u00eame que le lien qu\u2019elle avait tiss\u00e9 entre ses racines juives et la religion catholique. Le Bx Jean-Paul II a ajoute qu\u2019\u00ab\u00a0<em>elle est devenue ainsi l\u2019expression d\u2019un p\u00e8lerinage humain, culturel et religieux qui incarne le noyau insondable de la trag\u00e9die et des espoirs du continent europ\u00e9en<\/em>\u00a0\u00bb.<\/p>\n<p>Pour un approfondissement :<br \/>\n<a href=\"http:\/\/www.vatican.va\/news_services\/liturgy\/saints\/ns_lit_doc_19981011_edith_stein_fr.html\">&gt;&gt;&gt;Th\u00e9r\u00e8se B\u00e9n\u00e9dicte de la Croix \u00c9dith Stein<\/a><br \/>\n[<a href=\"http:\/\/www.vatican.va\/news_services\/liturgy\/saints\/ns_lit_doc_19981011_edith_stein_en.html\">Anglais<\/a>,\u00a0<a href=\"http:\/\/www.vatican.va\/news_services\/liturgy\/saints\/ns_lit_doc_19981011_edith_stein_sp.html\">Espagnol<\/a>,\u00a0<a href=\"http:\/\/www.vatican.va\/news_services\/liturgy\/saints\/ns_lit_doc_19981011_edith_stein_fr.html\">Fran\u00e7ais<\/a>,\u00a0<a href=\"http:\/\/www.vatican.va\/news_services\/liturgy\/saints\/ns_lit_doc_19981011_edith_stein_it.html\">Italien<\/a>,]<br \/>\n<a href=\"http:\/\/www.lejourduseigneur.com\/Web-TV\/Thematiques\/Vie-spirituelle\/La-saintete\/Figures-de-saints\/La-conversion-d-Edith-Stein\/%28language%29\/fre-FR\" target=\"_blank\">&gt;&gt;&gt;La conversion d&rsquo;\u00c9dith Stein (vid\u00e9o)<\/a><\/p>\n<p>Sources principales : catholique-verdun.cef.fr ; vatican.va (\u00ab R\u00e9v. x gpm \u00bb).<\/p>\n<p>&nbsp;<\/p>\n<p>&nbsp;<\/p>\n<p>&nbsp;<\/p>\n","protected":false},"excerpt":{"rendered":"<p>\u00c9 dith Stein\u00a0na\u00eet dans une famille juive de sept enfants vivants (sur onze naissances), le 12 octobre 1891 (jour du\u00a0Yom Kippour, jour de l\u2019expiation), \u00e0 Breslau (alors en Allemagne, aujourd\u2019hui Wroclaw en Pologne). Son p\u00e8re, marchand de bois, d\u00e9c\u00e8de alors qu\u2019elle n\u2019a que deux ans. Sa m\u00e8re, une femme tr\u00e8s religieuse, s\u2019occupe de la famille [&hellip;]<\/p>\n","protected":false},"author":2,"featured_media":0,"comment_status":"closed","ping_status":"closed","sticky":false,"template":"","format":"standard","meta":{"footnotes":""},"categories":[3,13,15,28],"tags":[1383,945,1108],"class_list":["post-7923","post","type-post","status-publish","format-standard","hentry","category-liturgique","category-ecritures","category-histoire","category-saints-et-saintes","tag-histoire","tag-saints","tag-ste-therese-benedicte-de-la-croix"],"_links":{"self":[{"href":"https:\/\/www.associationdemarie.org\/blog\/wp-json\/wp\/v2\/posts\/7923","targetHints":{"allow":["GET"]}}],"collection":[{"href":"https:\/\/www.associationdemarie.org\/blog\/wp-json\/wp\/v2\/posts"}],"about":[{"href":"https:\/\/www.associationdemarie.org\/blog\/wp-json\/wp\/v2\/types\/post"}],"author":[{"embeddable":true,"href":"https:\/\/www.associationdemarie.org\/blog\/wp-json\/wp\/v2\/users\/2"}],"replies":[{"embeddable":true,"href":"https:\/\/www.associationdemarie.org\/blog\/wp-json\/wp\/v2\/comments?post=7923"}],"version-history":[{"count":0,"href":"https:\/\/www.associationdemarie.org\/blog\/wp-json\/wp\/v2\/posts\/7923\/revisions"}],"wp:attachment":[{"href":"https:\/\/www.associationdemarie.org\/blog\/wp-json\/wp\/v2\/media?parent=7923"}],"wp:term":[{"taxonomy":"category","embeddable":true,"href":"https:\/\/www.associationdemarie.org\/blog\/wp-json\/wp\/v2\/categories?post=7923"},{"taxonomy":"post_tag","embeddable":true,"href":"https:\/\/www.associationdemarie.org\/blog\/wp-json\/wp\/v2\/tags?post=7923"}],"curies":[{"name":"wp","href":"https:\/\/api.w.org\/{rel}","templated":true}]}}