{"id":7902,"date":"2013-08-06T01:52:22","date_gmt":"2013-08-06T01:52:22","guid":{"rendered":"http:\/\/preprod.meltem-int.com\/marie\/blog\/?p=7902"},"modified":"2013-08-06T01:52:22","modified_gmt":"2013-08-06T01:52:22","slug":"fete-de-la-transfiguration-du-seigneur-2","status":"publish","type":"post","link":"https:\/\/www.associationdemarie.org\/blog\/fete-de-la-transfiguration-du-seigneur-2\/","title":{"rendered":"F\u00eate de la Transfiguration du Seigneur"},"content":{"rendered":"<p style=\"text-align: center;\"><a href=\"https:\/\/www.associationdemarie.org\/blog\/wp-content\/uploads\/2013\/07\/transfiguration.jpg\"><img loading=\"lazy\" decoding=\"async\" class=\"aligncenter  wp-image-7903\" alt=\"transfiguration\" src=\"https:\/\/www.associationdemarie.org\/blog\/wp-content\/uploads\/2013\/07\/transfiguration.jpg\" width=\"427\" height=\"317\" srcset=\"https:\/\/www.associationdemarie.org\/blog\/wp-content\/uploads\/2013\/07\/transfiguration.jpg 534w, https:\/\/www.associationdemarie.org\/blog\/wp-content\/uploads\/2013\/07\/transfiguration-300x222.jpg 300w\" sizes=\"auto, (max-width: 427px) 100vw, 427px\" \/><\/a><\/p>\n<p>\u00ab J\u00e9sus prit Pierre, Jacques et Jean son fr\u00e8re \u00bb et, les ayant amen\u00e9s sur une haute montagne, il leur a manifest\u00e9 l&rsquo;\u00e9clat de sa gloire. Car, m\u00eame s&rsquo;ils avaient compris que la majest\u00e9 de Dieu r\u00e9sidait en lui, ils ignoraient que son corps, qui voilait sa divinit\u00e9, avait part \u00e0 la puissance de Dieu. Voil\u00e0 pourquoi le Seigneur avait promis express\u00e9ment, peu de jours auparavant, que parmi ses disciples \u00ab quelques-uns ici pr\u00e9sents ne go\u00fbteront pas la mort avant de voir le Fils de l&rsquo;homme venir dans son Royaume \u00bb (Mt 16,28), c&rsquo;est-\u00e0-dire dans l&rsquo;\u00e9clat royal&#8230;qui convenait sp\u00e9cialement \u00e0 la nature humaine qu&rsquo;il avait prise&#8230;<\/p>\n<p>Cette transfiguration avait d&rsquo;abord pour but d&rsquo;enlever du c\u0153ur des disciples le scandale de la croix, pour que l&rsquo;humilit\u00e9 de la Passion volontairement subie ne trouble pas la foi de ceux qui auraient vu la grandeur de la dignit\u00e9 cach\u00e9e. Mais, par une m\u00eame pr\u00e9voyance, la transfiguration \u00e9tablissait dans l&rsquo;\u00c9glise de J\u00e9sus l&rsquo;esp\u00e9rance destin\u00e9e \u00e0 la soutenir, en sorte que les membres du Corps du Christ comprennent quel changement s&rsquo;op\u00e9rerait un jour en eux, puisqu&rsquo;ils \u00e9taient appel\u00e9s \u00e0 participer \u00e0 la gloire qu&rsquo;ils avaient vu resplendir dans leur Chef, dans leur t\u00eate.<\/p>\n<p>\u00c0 ce sujet, le Seigneur lui-m\u00eame avait dit, parlant de la majest\u00e9 de son av\u00e8nement : \u00ab Alors les justes resplendiront comme le soleil dans le Royaume de leur P\u00e8re \u00bb (Mt 13,43). Et l&rsquo;ap\u00f4tre Paul affirme la m\u00eame chose quand il dit : \u00ab J&rsquo;estime en effet que les souffrances du temps pr\u00e9sent ne sont pas \u00e0 comparer avec la gloire qui doit se r\u00e9v\u00e9ler en nous \u00bb (Rm 8,18). Et dans un autre passage : \u00ab Car vous \u00eates morts et votre vie est d\u00e9sormais cach\u00e9e avec le Christ en Dieu ; quand le Christ sera manifest\u00e9, lui qui est votre vie, alors vous aussi vous serez manifest\u00e9s avec lui pleins de gloire \u00bb (Col 3,3-4).<\/p>\n<p>Saint L\u00e9on le Grand (?-v. 461), pape et docteur de l&rsquo;\u00c9glise<br \/>\n<i>Sermon 51, 2-6 ; SC 74 bis (trad. V\u00e9ricel, L&rsquo;\u00c9vangile comment\u00e9, p. 209 rev.)<\/i><\/p>\n<p>&nbsp;<\/p>\n<p>&nbsp;<\/p>\n<p>&nbsp;<\/p>\n<p>&nbsp;<\/p>\n","protected":false},"excerpt":{"rendered":"<p>\u00ab J\u00e9sus prit Pierre, Jacques et Jean son fr\u00e8re \u00bb et, les ayant amen\u00e9s sur une haute montagne, il leur a manifest\u00e9 l&rsquo;\u00e9clat de sa gloire. Car, m\u00eame s&rsquo;ils avaient compris que la majest\u00e9 de Dieu r\u00e9sidait en lui, ils ignoraient que son corps, qui voilait sa divinit\u00e9, avait part \u00e0 la puissance de Dieu. [&hellip;]<\/p>\n","protected":false},"author":2,"featured_media":0,"comment_status":"closed","ping_status":"closed","sticky":false,"template":"","format":"standard","meta":{"footnotes":""},"categories":[3,13,28],"tags":[83,220,1382,1053,1149],"class_list":["post-7902","post","type-post","status-publish","format-standard","hentry","category-liturgique","category-ecritures","category-saints-et-saintes","tag-apotre","tag-christ","tag-ecritures","tag-st-leon-le-grand","tag-transfiguration"],"_links":{"self":[{"href":"https:\/\/www.associationdemarie.org\/blog\/wp-json\/wp\/v2\/posts\/7902","targetHints":{"allow":["GET"]}}],"collection":[{"href":"https:\/\/www.associationdemarie.org\/blog\/wp-json\/wp\/v2\/posts"}],"about":[{"href":"https:\/\/www.associationdemarie.org\/blog\/wp-json\/wp\/v2\/types\/post"}],"author":[{"embeddable":true,"href":"https:\/\/www.associationdemarie.org\/blog\/wp-json\/wp\/v2\/users\/2"}],"replies":[{"embeddable":true,"href":"https:\/\/www.associationdemarie.org\/blog\/wp-json\/wp\/v2\/comments?post=7902"}],"version-history":[{"count":0,"href":"https:\/\/www.associationdemarie.org\/blog\/wp-json\/wp\/v2\/posts\/7902\/revisions"}],"wp:attachment":[{"href":"https:\/\/www.associationdemarie.org\/blog\/wp-json\/wp\/v2\/media?parent=7902"}],"wp:term":[{"taxonomy":"category","embeddable":true,"href":"https:\/\/www.associationdemarie.org\/blog\/wp-json\/wp\/v2\/categories?post=7902"},{"taxonomy":"post_tag","embeddable":true,"href":"https:\/\/www.associationdemarie.org\/blog\/wp-json\/wp\/v2\/tags?post=7902"}],"curies":[{"name":"wp","href":"https:\/\/api.w.org\/{rel}","templated":true}]}}