{"id":7898,"date":"2013-08-05T01:08:56","date_gmt":"2013-08-05T01:08:56","guid":{"rendered":"http:\/\/preprod.meltem-int.com\/marie\/blog\/?p=7898"},"modified":"2013-08-05T01:08:56","modified_gmt":"2013-08-05T01:08:56","slug":"il-prit-les-pains-prononca-la-benediction-les-rompit-et-les-donna-aux-disciples","status":"publish","type":"post","link":"https:\/\/www.associationdemarie.org\/blog\/il-prit-les-pains-prononca-la-benediction-les-rompit-et-les-donna-aux-disciples\/","title":{"rendered":"\u00ab Il prit les pains&#8230;, pronon\u00e7a la b\u00e9n\u00e9diction, les rompit et les donna aux disciples. \u00bb"},"content":{"rendered":"<p style=\"text-align: center;\"><a href=\"https:\/\/www.associationdemarie.org\/blog\/wp-content\/uploads\/2013\/07\/visuel-xl-vie-eucharistie.png\"><img loading=\"lazy\" decoding=\"async\" class=\"aligncenter  wp-image-7899\" alt=\"eucharistie\" src=\"https:\/\/www.associationdemarie.org\/blog\/wp-content\/uploads\/2013\/07\/visuel-xl-vie-eucharistie.png\" width=\"424\" height=\"175\" srcset=\"https:\/\/www.associationdemarie.org\/blog\/wp-content\/uploads\/2013\/07\/visuel-xl-vie-eucharistie.png 707w, https:\/\/www.associationdemarie.org\/blog\/wp-content\/uploads\/2013\/07\/visuel-xl-vie-eucharistie-300x123.png 300w\" sizes=\"auto, (max-width: 424px) 100vw, 424px\" \/><\/a><\/p>\n<p>L&rsquo;\u00c9glise na\u00eet du myst\u00e8re pascal. C&rsquo;est pr\u00e9cis\u00e9ment pour cela que l&rsquo;eucharistie, sacrement par excellence du myst\u00e8re pascal, a sa place au centre de la vie eccl\u00e9siale. On le voit bien d\u00e8s les premi\u00e8res images de l&rsquo;\u00c9glise que nous donnent les Actes des Ap\u00f4tres : \u00ab Ils \u00e9taient fid\u00e8les \u00e0 \u00e9couter l&rsquo;enseignement des ap\u00f4tres et \u00e0 vivre en communion fraternelle, \u00e0 rompre le pain et \u00e0 participer aux pri\u00e8res \u00bb (2,42). L&rsquo;eucharistie est \u00e9voqu\u00e9e dans la \u00ab fraction du pain \u00bb. Deux mille ans plus tard, nous continuons \u00e0 r\u00e9aliser cette image primitive de l&rsquo;\u00c9glise. Et tandis que nous le faisons dans la c\u00e9l\u00e9bration de l&rsquo;eucharistie, les yeux de l&rsquo;\u00e2me se reportent au Triduum pascal, \u00e0 ce qui s&rsquo;est pass\u00e9 le soir du Jeudi saint, pendant la derni\u00e8re C\u00e8ne et apr\u00e8s&#8230; L&rsquo;agonie \u00e0 Geths\u00e9mani a \u00e9t\u00e9 l&rsquo;introduction de l&rsquo;agonie sur la croix le Vendredi saint : l&rsquo;heure sainte, l&rsquo;heure de la r\u00e9demption du monde&#8230;, heure de la glorification. Tout pr\u00eatre qui c\u00e9l\u00e8bre la messe revient en esprit, en m\u00eame temps que la communaut\u00e9 chr\u00e9tienne qui y participe, \u00e0 ce lieu et \u00e0 cette heure&#8230;<\/p>\n<p>\u00ab Mysterium fidei \u2014 Myst\u00e8re de la foi ! \u00bb Quand le pr\u00eatre prononce ou chante ces paroles, les fid\u00e8les disent l&rsquo;acclamation : \u00ab Nous proclamons ta mort, Seigneur J\u00e9sus, nous c\u00e9l\u00e9brons ta r\u00e9surrection, nous attendons ta venue dans la gloire. \u00bb Par ces paroles, ou par d&rsquo;autres semblables, l&rsquo;\u00c9glise d\u00e9signe le Christ dans le myst\u00e8re de sa Passion, et elle r\u00e9v\u00e8le aussi son propre myst\u00e8re : Ecclesia de Eucharistia \u2014 l&rsquo;\u00c9glise vit de l&rsquo;eucharistie. Si c&rsquo;est par le don de l&rsquo;Esprit Saint \u00e0 la Pentec\u00f4te que l&rsquo;\u00c9glise vient au jour et se met en route sur les chemins du monde, il est certain que l&rsquo;institution de l&rsquo;eucharistie au C\u00e9nacle est un moment d\u00e9cisif de sa constitution. Son fondement et sa source, c&rsquo;est tout le Triduum pascal, mais celui-ci est comme contenu, anticip\u00e9 et concentr\u00e9 pour toujours dans le don de l&rsquo;eucharistie. Dans ce don, J\u00e9sus Christ confiait \u00e0 l&rsquo;\u00c9glise l&rsquo;actualisation permanente du myst\u00e8re pascal.<\/p>\n<p>Bienheureux Jean-Paul II (1920-2005), pape<br \/>\n<i>Encyclique \u00ab Ecclesia de Eucharistia \u00bb, 3-5 (trad. \u00a9 copyright Libreria Editrice Vaticana)<\/i><\/p>\n<p>&nbsp;<\/p>\n<p>&nbsp;<\/p>\n<p>&nbsp;<\/p>\n<p>&nbsp;<\/p>\n","protected":false},"excerpt":{"rendered":"<p>L&rsquo;\u00c9glise na\u00eet du myst\u00e8re pascal. C&rsquo;est pr\u00e9cis\u00e9ment pour cela que l&rsquo;eucharistie, sacrement par excellence du myst\u00e8re pascal, a sa place au centre de la vie eccl\u00e9siale. On le voit bien d\u00e8s les premi\u00e8res images de l&rsquo;\u00c9glise que nous donnent les Actes des Ap\u00f4tres : \u00ab Ils \u00e9taient fid\u00e8les \u00e0 \u00e9couter l&rsquo;enseignement des ap\u00f4tres et \u00e0 [&hellip;]<\/p>\n","protected":false},"author":2,"featured_media":0,"comment_status":"closed","ping_status":"closed","sticky":false,"template":"","format":"standard","meta":{"footnotes":""},"categories":[3,13,28],"tags":[74,158,385,425,536,671,777],"class_list":["post-7898","post","type-post","status-publish","format-standard","hentry","category-liturgique","category-ecritures","category-saints-et-saintes","tag-annee-de-la-foi","tag-bienheureux-jean-paul-2","tag-eucharistie","tag-foi","tag-jesus-christ","tag-messe","tag-passion"],"_links":{"self":[{"href":"https:\/\/www.associationdemarie.org\/blog\/wp-json\/wp\/v2\/posts\/7898","targetHints":{"allow":["GET"]}}],"collection":[{"href":"https:\/\/www.associationdemarie.org\/blog\/wp-json\/wp\/v2\/posts"}],"about":[{"href":"https:\/\/www.associationdemarie.org\/blog\/wp-json\/wp\/v2\/types\/post"}],"author":[{"embeddable":true,"href":"https:\/\/www.associationdemarie.org\/blog\/wp-json\/wp\/v2\/users\/2"}],"replies":[{"embeddable":true,"href":"https:\/\/www.associationdemarie.org\/blog\/wp-json\/wp\/v2\/comments?post=7898"}],"version-history":[{"count":0,"href":"https:\/\/www.associationdemarie.org\/blog\/wp-json\/wp\/v2\/posts\/7898\/revisions"}],"wp:attachment":[{"href":"https:\/\/www.associationdemarie.org\/blog\/wp-json\/wp\/v2\/media?parent=7898"}],"wp:term":[{"taxonomy":"category","embeddable":true,"href":"https:\/\/www.associationdemarie.org\/blog\/wp-json\/wp\/v2\/categories?post=7898"},{"taxonomy":"post_tag","embeddable":true,"href":"https:\/\/www.associationdemarie.org\/blog\/wp-json\/wp\/v2\/tags?post=7898"}],"curies":[{"name":"wp","href":"https:\/\/api.w.org\/{rel}","templated":true}]}}