{"id":7891,"date":"2013-08-04T01:34:05","date_gmt":"2013-08-04T01:34:05","guid":{"rendered":"http:\/\/preprod.meltem-int.com\/marie\/blog\/?p=7891"},"modified":"2013-08-04T01:34:05","modified_gmt":"2013-08-04T01:34:05","slug":"st-jean-marie-vianney-cure-dars-%e2%80%a0-1859","status":"publish","type":"post","link":"https:\/\/www.associationdemarie.org\/blog\/st-jean-marie-vianney-cure-dars-%e2%80%a0-1859\/","title":{"rendered":"St Jean-Marie Vianney, cur\u00e9 d\u2019Ars (\u2020 1859)"},"content":{"rendered":"<p>&nbsp;<\/p>\n<p><em>Chers fr\u00e8res et s\u0153urs,<\/em><em>\u00a0\u00a0<\/em>\u00a0[&#8230;]<\/p>\n<p><a href=\"https:\/\/www.associationdemarie.org\/blog\/wp-content\/uploads\/2013\/08\/saint_jean_marie_vianney.bmp\"><img loading=\"lazy\" decoding=\"async\" class=\"alignleft  wp-image-7893\" alt=\"saint_jean_marie_vianney\" src=\"https:\/\/www.associationdemarie.org\/blog\/wp-content\/uploads\/2013\/08\/saint_jean_marie_vianney.bmp\" width=\"176\" height=\"209\" \/><\/a>Jean-Marie Vianney naquit dans le petit village de Dardilly le 8 mai 1786, dans une famille de paysans, pauvre en biens mat\u00e9riels, mais riche d&rsquo;humanit\u00e9 et de foi. Baptis\u00e9, comme le voulait le bon usage \u00e0 l&rsquo;\u00e9poque, le jour m\u00eame de sa naissance, il consacra les ann\u00e9es de l&rsquo;enfance et de l&rsquo;adolescence aux travaux dans les champs et \u00e0 pa\u00eetre les animaux, si bien qu&rsquo;\u00e0 l&rsquo;\u00e2ge de dix-sept ans, il \u00e9tait encore analphab\u00e8te. Mais il connaissait par c\u0153ur les pri\u00e8res que lui avait enseign\u00e9es sa pieuse m\u00e8re et il se nourrissait du sentiment religieux que l&rsquo;on respirait chez lui. Les biographes racontent que, d\u00e8s sa prime jeunesse, il essaya de se conformer \u00e0 la divine volont\u00e9 m\u00eame dans les t\u00e2ches les plus humbles.<\/p>\n<p>Il nourrissait dans son \u00e2me le d\u00e9sir de devenir pr\u00eatre, mais il ne lui fut pas facile de le satisfaire. Il parvint en effet \u00e0 l&rsquo;ordination sacerdotale apr\u00e8s de nombreuses adversit\u00e9s et incompr\u00e9hensions, gr\u00e2ce \u00e0 l&rsquo;aide de sages pr\u00eatres, qui ne s&rsquo;arr\u00eat\u00e8rent pas \u00e0 consid\u00e9rer ses limites humaines, mais surent regarder au-del\u00e0, devinant l&rsquo;horizon de saintet\u00e9 qui se profilait chez ce jeune homme v\u00e9ritablement singulier.<\/p>\n<p>Ainsi, le 23 juin 1815, il fut ordonn\u00e9 diacre et le 13 ao\u00fbt suivant, pr\u00eatre. Enfin, \u00e0 l&rsquo;\u00e2ge de 29 ans, apr\u00e8s de nombreuses incertitudes, un certain nombre d&rsquo;\u00e9checs et beaucoup de larmes, il put monter sur l&rsquo;autel du Seigneur et r\u00e9aliser le r\u00eave de sa vie.<\/p>\n<p>Le saint cur\u00e9 d&rsquo;Ars manifesta toujours une tr\u00e8s haute consid\u00e9ration du don re\u00e7u. Il affirmait: \u00ab\u00a0<em>Oh! Quelle grande chose que le sacerdoce! On ne le comprendra bien qu&rsquo;une fois au Ciel&#8230; si on le comprenait sur la terre, on mourrait, non d&rsquo;effroi mais d&rsquo;amour!<\/em>\u00a0\u00bb (Abb\u00e9 Monnin, Esprit du Cur\u00e9 d&rsquo;Ars, p. 113). En outre, dans son enfance, il avait confi\u00e9 \u00e0 sa m\u00e8re: \u00ab\u00a0<em>Si j&rsquo;\u00e9tais pr\u00eatre, je voudrais conqu\u00e9rir beaucoup d&rsquo;\u00e2mes<\/em>\u00a0\u00bb (Abb\u00e9 Monnin, Proc\u00e8s de l&rsquo;ordinaire, p. 1064). Et il en fut ainsi. Dans le service pastoral, aussi simple qu&rsquo;extraordinairement f\u00e9cond, ce cur\u00e9 anonyme d&rsquo;un village isol\u00e9 du sud de la France parvint si bien \u00e0 s&rsquo;identifier \u00e0 son minist\u00e8re, qu&rsquo;il devint, \u00e9galement de mani\u00e8re visible et universellement reconnaissable, alter Christus, image du Bon Pasteur, qui \u00e0 la diff\u00e9rence du mercenaire, donne la vie pour ses brebis (cf. Jn 10, 11).<\/p>\n<p>A l&rsquo;exemple du Bon Pasteur, il a donn\u00e9 la vie au cours des d\u00e9cennies de son service sacerdotal. Son existence fut une cat\u00e9ch\u00e8se vivante, qui trouvait une efficacit\u00e9 toute particuli\u00e8re lorsque les personnes le voyaient c\u00e9l\u00e9brer la Messe, s&rsquo;arr\u00eater en adoration devant le tabernacle ou passer de longues heures dans le confessionnal.<\/p>\n<p>Au centre de toute sa vie, il y avait donc l&rsquo;Eucharistie, qu&rsquo;il c\u00e9l\u00e9brait et adorait avec d\u00e9votion et respect. Une autre caract\u00e9ristique fondamentale de cette extraordinaire figure sacerdotale, \u00e9tait le minist\u00e8re assidu des confessions. Il reconnaissait dans la pratique du sacrement de la p\u00e9nitence l&rsquo;accomplissement logique et naturel de l&rsquo;apostolat sacerdotal, en ob\u00e9issance au mandat du Christ : \u00ab\u00a0<em>Ceux \u00e0 qui vous remettrez les p\u00e9ch\u00e9s, ils leur seront remis, ceux \u00e0 qui vous les retiendrez, ils leur seront retenus<\/em>\u00a0\u00bb (cf. Jn 20, 23).<\/p>\n<p>Saint Jean-Marie Vianney se distingua donc comme un confesseur et ma\u00eetre spirituel excellent et inlassable. En passant \u00ab\u00a0<em>d&rsquo;un m\u00eame mouvement int\u00e9rieur, de l&rsquo;autel au confessionnal<\/em>\u00a0\u00bb, o\u00f9 il passait une grande partie de la journ\u00e9e, il cherchait par tous les moyens, par la pr\u00e9dication et par le conseil persuasif, \u00e0 faire red\u00e9couvrir aux paroissiens la signification et la beaut\u00e9 de la p\u00e9nitence sacramentelle, en la montrant comme une exigence intime de la Pr\u00e9sence eucharistique.<\/p>\n<p>Les m\u00e9thodes pastorales de Jean-Marie Vianney pourraient appara\u00eetre peu adapt\u00e9es aux conditions sociales et culturelles actuelles. Comment en effet un pr\u00eatre d&rsquo;aujourd&rsquo;hui pourrait-il l&rsquo;imiter, dans un monde qui a tant chang\u00e9? S&rsquo;il est vrai que les temps changent et que de nombreux charismes sont typiques de la personne, et donc inimitables, il y a toutefois un style de vie et un \u00e9lan de fond que nous sommes tous appel\u00e9s \u00e0 cultiver. A bien y regarder, ce qui a rendu saint le cur\u00e9 d&rsquo;Ars a \u00e9t\u00e9 son humble fid\u00e9lit\u00e9 \u00e0 la mission \u00e0 laquelle Dieu l&rsquo;avait appel\u00e9; cela a \u00e9t\u00e9 son abandon constant, empli de confiance, entre les mains de la Providence divine. Il a r\u00e9ussi \u00e0 toucher le c\u0153ur des personnes non en vertu de ses dons humains, ni en s&rsquo;appuyant exclusivement sur un effort, m\u00eame louable, de la volont\u00e9, il a conquis les \u00e2mes, m\u00eame les plus r\u00e9fractaires, en leur communiquant ce qu&rsquo;il vivait de mani\u00e8re intime, \u00e0 savoir son amiti\u00e9 avec le Christ. [&#8230;]<\/p>\n<p>Les P\u00e8res du\u00a0<a href=\"http:\/\/www.vatican.va\/archive\/hist_councils\/ii_vatican_council\/index_fr.htm\">Concile \u0153cum\u00e9nique Vatican II<\/a>\u00a0avaient bien pr\u00e9sents \u00e0 l&rsquo;esprit cette \u00ab\u00a0soif de v\u00e9rit\u00e9\u00a0\u00bb qui br\u00fble dans le c\u0153ur de tout homme, lorsqu&rsquo;ils affirm\u00e8rent que c&rsquo;est aux pr\u00eatres, \u00ab\u00a0comme \u00e9ducateurs de la foi\u00a0\u00bb, qu&rsquo;il revient de former \u00ab\u00a0une authentique communaut\u00e9 chr\u00e9tienne\u00a0\u00bb capable de \u00ab\u00a0frayer la route \u00e0 tous les hommes vers le Christ\u00a0\u00bb et d&rsquo;exercer \u00ab\u00a0une v\u00e9ritable maternit\u00e9\u00a0\u00bb \u00e0 leur \u00e9gard, en indiquant ou en facilitant \u00e0 celui qui ne croit pas \u00ab\u00a0un chemin vers le Christ et son \u00c9glise\u00a0\u00bb et \u00ab\u00a0pour r\u00e9veiller les fid\u00e8les, les nourrir, leur donner des forces pour le combat spirituel\u00a0\u00bb (cf.\u00a0<a href=\"http:\/\/www.vatican.va\/archive\/hist_councils\/ii_vatican_council\/documents\/vat-ii_decree_19651207_presbyterorum-ordinis_fr.html\">Presbyterorum ordinis<\/a>, n. 6).<\/p>\n<p>L&rsquo;enseignement que continue de nous transmettre le saint cur\u00e9 d&rsquo;Ars \u00e0 cet \u00e9gard est que, \u00e0 la base de cet engagement pastoral, le pr\u00eatre doit placer une union personnelle intime avec le Christ, qu&rsquo;il faut cultiver et accro\u00eetre jour apr\u00e8s jour. C&rsquo;est seulement s&rsquo;il est amoureux du Christ que le pr\u00eatre pourra enseigner \u00e0 tous cette union, cette amiti\u00e9 intime avec le divin Ma\u00eetre, qu&rsquo;il pourra toucher les c\u0153urs des personnes et les ouvrir \u00e0 l&rsquo;amour mis\u00e9ricordieux du Seigneur. C&rsquo;est seulement ainsi, par cons\u00e9quent, qu&rsquo;il pourra transmettre enthousiasme et vitalit\u00e9 spirituelle aux communaut\u00e9s que le Seigneur lui confie. Prions pour que, par l&rsquo;intercession de saint Jean-Marie Vianney, Dieu fasse don \u00e0 son \u00c9glise de saints pr\u00eatres, et pour que croisse chez les fid\u00e8les le d\u00e9sir de soutenir et d&rsquo;aider leur minist\u00e8re.<\/p>\n<p>Pour un approfondissement biographique :<br \/>\n<a href=\"http:\/\/www.google.fr\/url?sa=t&amp;rct=j&amp;q=&amp;esrc=s&amp;frm=1&amp;source=web&amp;cd=1&amp;cad=rja&amp;ved=0CCoQFjAA&amp;url=http%3A%2F%2Fwww.arsnet.org%2F111.php&amp;ei=ft_CUaWXNojJhAfMlIDQAg&amp;usg=AFQjCNFe3j8nYlp8zfzn30jeIsB23oGUmw\">&gt;&gt;&gt;Sanctuaire du Saint Cur\u00e9 d&rsquo;Ars<\/a><br \/>\n<a href=\"http:\/\/www.google.fr\/url?sa=t&amp;rct=j&amp;q=&amp;esrc=s&amp;frm=1&amp;source=web&amp;cd=4&amp;cad=rja&amp;ved=0CEEQFjAD&amp;url=http%3A%2F%2Fwww.dieu-parmi-nous.com%2FNIC%2FSaint.Jean-Marie.Vianney.pdf&amp;ei=ft_CUaWXNojJhAfMlIDQAg&amp;usg=AFQjCNFliYFyNghAc6JC-BV81TvOJ_w6Eg\">&gt;&gt;&gt;Saint Jean-Marie Vianney, Cur\u00e9 D&rsquo;Ars<\/a>\u00a0[PDF]<br \/>\nExtraits de la Cat\u00e9ch\u00e8se de Beno\u00eet XVI<br \/>\n<a href=\"http:\/\/www.vatican.va\/holy_father\/benedict_xvi\/audiences\/2009\/documents\/hf_ben-xvi_aud_20090805_fr.html\">5 ao\u00fbt 2009<\/a><\/p>\n<p>Source principale : vatican.va (\u00ab R\u00e9v. x gpm \u00bb).<\/p>\n<p>&nbsp;<\/p>\n<p>&nbsp;<\/p>\n<p>&nbsp;<\/p>\n<p>&nbsp;<\/p>\n<p>&nbsp;<\/p>\n","protected":false},"excerpt":{"rendered":"<p>&nbsp; Chers fr\u00e8res et s\u0153urs,\u00a0\u00a0\u00a0[&#8230;] Jean-Marie Vianney naquit dans le petit village de Dardilly le 8 mai 1786, dans une famille de paysans, pauvre en biens mat\u00e9riels, mais riche d&rsquo;humanit\u00e9 et de foi. Baptis\u00e9, comme le voulait le bon usage \u00e0 l&rsquo;\u00e9poque, le jour m\u00eame de sa naissance, il consacra les ann\u00e9es de l&rsquo;enfance et [&hellip;]<\/p>\n","protected":false},"author":2,"featured_media":0,"comment_status":"closed","ping_status":"closed","sticky":false,"template":"","format":"standard","meta":{"footnotes":""},"categories":[3,13,15,28],"tags":[142,1383,945,1023],"class_list":["post-7891","post","type-post","status-publish","format-standard","hentry","category-liturgique","category-ecritures","category-histoire","category-saints-et-saintes","tag-benoit-16","tag-histoire","tag-saints","tag-st-cure-dars"],"_links":{"self":[{"href":"https:\/\/www.associationdemarie.org\/blog\/wp-json\/wp\/v2\/posts\/7891","targetHints":{"allow":["GET"]}}],"collection":[{"href":"https:\/\/www.associationdemarie.org\/blog\/wp-json\/wp\/v2\/posts"}],"about":[{"href":"https:\/\/www.associationdemarie.org\/blog\/wp-json\/wp\/v2\/types\/post"}],"author":[{"embeddable":true,"href":"https:\/\/www.associationdemarie.org\/blog\/wp-json\/wp\/v2\/users\/2"}],"replies":[{"embeddable":true,"href":"https:\/\/www.associationdemarie.org\/blog\/wp-json\/wp\/v2\/comments?post=7891"}],"version-history":[{"count":0,"href":"https:\/\/www.associationdemarie.org\/blog\/wp-json\/wp\/v2\/posts\/7891\/revisions"}],"wp:attachment":[{"href":"https:\/\/www.associationdemarie.org\/blog\/wp-json\/wp\/v2\/media?parent=7891"}],"wp:term":[{"taxonomy":"category","embeddable":true,"href":"https:\/\/www.associationdemarie.org\/blog\/wp-json\/wp\/v2\/categories?post=7891"},{"taxonomy":"post_tag","embeddable":true,"href":"https:\/\/www.associationdemarie.org\/blog\/wp-json\/wp\/v2\/tags?post=7891"}],"curies":[{"name":"wp","href":"https:\/\/api.w.org\/{rel}","templated":true}]}}